{"id":13167,"date":"2025-10-29T13:58:28","date_gmt":"2025-10-29T13:58:28","guid":{"rendered":"https:\/\/informacionlocal.es\/el-cabildo-logra-el-visto-bueno-de-costas-para-ejecutar-el-proyecto-de-renaturalizacion-del-saladar-de-jandia\/"},"modified":"2025-10-29T13:58:28","modified_gmt":"2025-10-29T13:58:28","slug":"el-cabildo-logra-el-visto-bueno-de-costas-para-ejecutar-el-proyecto-de-renaturalizacion-del-saladar-de-jandia","status":"publish","type":"post","link":"https:\/\/informacionlocal.es\/de\/el-cabildo-logra-el-visto-bueno-de-costas-para-ejecutar-el-proyecto-de-renaturalizacion-del-saladar-de-jandia\/","title":{"rendered":"\ufeffEl Cabildo logra el visto bueno de Costas para ejecutar el proyecto de \u2018Renaturalizaci\u00f3n del Saladar de Jand\u00eda\u2019"},"content":{"rendered":"<div class=\"entry-content\"><strong>29 octubre, 2025<\/strong><\/p>\n<p><em><strong>Se desmantelar\u00e1 la vieja planta depuradora de la playa del Matorral y se rehabilitar\u00e1 todo el espacio con plantas aut\u00f3ctonas<\/strong><\/em><\/p>\n<p><em><strong>Blas Acosta: \u201cLos ciudadanos de Morro Jable y de toda la isla debemos estar orgullosos por haber sacado adelante un proyecto dif\u00edcil, pero necesario para recuperar un espacio natural ic\u00f3nico\u201d<\/strong><\/em><\/p>\n<p>El Cabildo de Fuerteventura, a trav\u00e9s de la Consejer\u00eda de Infraestructuras, ha conseguido la autorizaci\u00f3n de la Direcci\u00f3n General de Costas y Gesti\u00f3n del Espacio Mar\u00edtimo Canario para la ejecuci\u00f3n del proyecto de \u2018Renaturalizaci\u00f3n del Saladar de Jand\u00eda\u2019. En el plazo de un a\u00f1o, este enclave natural protegido volver\u00e1 a lucir plena, sin la vieja estructura de la planta depuradora.<\/p>\n<p>La presidenta del Cabildo de Fuerteventura, Lola Garc\u00eda, destaca la importancia de preservar nuestro territorio y los tesoros naturales que alberga. En este caso, con acciones encaminadas a preservar uno de los espacios de inter\u00e9s cient\u00edfico m\u00e1s significativos de Fuerteventura y Canarias en general, como es el Saladar de Jand\u00eda\u201d.\u00a0\u00a0\u00a0\u00a0\u00a0<\/p>\n<p>\u201cSe trata \u00fanico humedal de Canarias que forma parte del convenio internacional para la conservaci\u00f3n de los humedales Red Ramsar. Su valor medioambiental es notable, por lo que su protecci\u00f3n y conservaci\u00f3n es prioritaria\u201d, a\u00f1ade Garc\u00eda.<\/p>\n<p>El consejero de Infraestructuras, Blas Acosta, defiende las profusas gestiones realizadas ante Costas y el resultado satisfactorio de las mismas. \u201cLos ciudadanos de Morro Jable y de toda la isla debemos estar orgullosos por haber sacado adelante un proyecto dif\u00edcil, pero necesario para recuperar un espacio natural ic\u00f3nico\u201d, explica.<\/p>\n<p>El logro de los t\u00e9cnicos del Cabildo y de los gestores p\u00fablicos ante la Direcci\u00f3n General de Costas y Gesti\u00f3n del Espacio Mar\u00edtimo Canario es de gran calado, \u201cun ok hist\u00f3rico\u201d, ya que el proyecto redactado y defendido por el Cabildo implica movimientos de tierra de envergadura en un espacio natural protegido y dentro del dominio p\u00fablico mar\u00edtimo-terrestre.<\/p>\n<p>Entre otras acciones, se rebajar\u00e1 la cota actual de +3,36 metros a la cota +2,50 metros, que es la cota natural del saladar. El total de las tierras a desmontar es de 2.367,43 metros c\u00fabicos, necesit\u00e1ndose un volumen de 719.18 metros c\u00fabicos de tierras para el relleno posterior a la eliminaci\u00f3n de la instalaci\u00f3n.<\/p>\n<p>El proyecto, que tambi\u00e9n defiende el Ayuntamiento de P\u00e1jara, consiste en el desmantelamiento de la planta depuradora que existe en el Sitio de Inter\u00e9s Cient\u00edfico de la Playa del Matorral, recuperando la cota y geomorfolog\u00eda del \u00e1mbito ocupado por dicha instalaci\u00f3n para la rehabilitaci\u00f3n natural de la parcela en la que se localiza. Todo ello, en el plazo m\u00e1ximo de un a\u00f1o.<\/p>\n<p>Por ello, la Resoluci\u00f3n de Costas especifica que la parcela, una vez desmantelada la estructura de la planta depuradora, \u201cse revegetar\u00e1 con plantas propias del \u00e1mbito de actuaci\u00f3n; en particular, Chenoleoides tomentosa, Salsola vermiculata, Tetraena fontanesii y tres ejemplares de Tamarix canariensis\u201d.<\/p>\n<p>La Resoluci\u00f3n destaca que el proyecto \u201ccumple con las disposiciones de la Ley de Costas dada su finalidad de restauraci\u00f3n natural del saladar existente; por lo tanto, implica garantizar la integridad y su buen estado de conservaci\u00f3n del Dominio P\u00fablico Mar\u00edtimo Terrestre, de conformidad con el art\u00edculo 2 de la Ley 22\/1988, de 28 de julio, de Costas, modificada por la Ley 2\/2013, de 29 de mayo, de protecci\u00f3n y uso sostenible del litoral\u201d.<\/p>\n<\/div>\n","protected":false},"excerpt":{"rendered":"<p>29 octubre, 2025 Se desmantelar\u00e1 la vieja planta depuradora de la playa del Matorral y se rehabilitar\u00e1 todo el espacio con plantas aut\u00f3ctonas Blas Acosta: \u201cLos ciudadanos de Morro Jable [&hellip;]<\/p>\n","protected":false},"author":1,"featured_media":13169,"comment_status":"open","ping_status":"open","sticky":false,"template":"","format":"standard","meta":{"inline_featured_image":false,"jnews-multi-image_gallery":[],"jnews_single_post":[],"jnews_primary_category":[],"jnews_social_meta":[],"jnews_override_counter":[],"jnews_post_split":[],"footnotes":""},"categories":[58],"tags":[82],"class_list":["post-13167","post","type-post","status-publish","format-standard","has-post-thumbnail","hentry","category-cabildo","tag-fuerteventura"],"jetpack_featured_media_url":"https:\/\/informacionlocal.es\/wp-content\/uploads\/2025\/10\/ererer.jpeg","_links":{"self":[{"href":"https:\/\/informacionlocal.es\/de\/wp-json\/wp\/v2\/posts\/13167","targetHints":{"allow":["GET"]}}],"collection":[{"href":"https:\/\/informacionlocal.es\/de\/wp-json\/wp\/v2\/posts"}],"about":[{"href":"https:\/\/informacionlocal.es\/de\/wp-json\/wp\/v2\/types\/post"}],"author":[{"embeddable":true,"href":"https:\/\/informacionlocal.es\/de\/wp-json\/wp\/v2\/users\/1"}],"replies":[{"embeddable":true,"href":"https:\/\/informacionlocal.es\/de\/wp-json\/wp\/v2\/comments?post=13167"}],"version-history":[{"count":0,"href":"https:\/\/informacionlocal.es\/de\/wp-json\/wp\/v2\/posts\/13167\/revisions"}],"wp:featuredmedia":[{"embeddable":true,"href":"https:\/\/informacionlocal.es\/de\/wp-json\/wp\/v2\/media\/13169"}],"wp:attachment":[{"href":"https:\/\/informacionlocal.es\/de\/wp-json\/wp\/v2\/media?parent=13167"}],"wp:term":[{"taxonomy":"category","embeddable":true,"href":"https:\/\/informacionlocal.es\/de\/wp-json\/wp\/v2\/categories?post=13167"},{"taxonomy":"post_tag","embeddable":true,"href":"https:\/\/informacionlocal.es\/de\/wp-json\/wp\/v2\/tags?post=13167"}],"curies":[{"name":"wp","href":"https:\/\/api.w.org\/{rel}","templated":true}]}}