{"id":13155,"date":"2025-10-29T11:58:37","date_gmt":"2025-10-29T11:58:37","guid":{"rendered":"https:\/\/informacionlocal.es\/el-plan-de-empleo-el-cabildo-actua-continua-mejorando-los-centros-educativos-de-todos-los-municipios\/"},"modified":"2025-10-29T11:58:37","modified_gmt":"2025-10-29T11:58:37","slug":"el-plan-de-empleo-el-cabildo-actua-continua-mejorando-los-centros-educativos-de-todos-los-municipios","status":"publish","type":"post","link":"https:\/\/informacionlocal.es\/de\/el-plan-de-empleo-el-cabildo-actua-continua-mejorando-los-centros-educativos-de-todos-los-municipios\/","title":{"rendered":"El plan de empleo \u2018El Cabildo Act\u00faa\u2019 contin\u00faa mejorando los centros educativos de todos los municipios"},"content":{"rendered":"<div class=\"entry-content\"><strong>29 octubre, 2025<\/strong><\/p>\n<p><em><strong>Las actuaciones se llevan a m\u00e1s de una treintena de infraestructuras educativas de toda la Isla<\/strong><\/em><\/p>\n<p>El Plan de Empleo \u2018El Cabildo Act\u00faa\u2019 contin\u00faa realizando obras de acondicionamiento y rehabilitaci\u00f3n en espacios e instalaciones educativas de toda la Isla. Las labores son realizadas por 37 personas desempleadas que forman parte de este proyecto dirigido a mejorar las infraestructuras educativas y generar empleo en Fuerteventura.<\/p>\n<p>As\u00ed lo ha comunicado la consejera de Fomento del Empleo del Cabildo de Fuerteventura, Nuria Cabrera, en una reciente visita realizada a los CEIP El Tost\u00f3n, CEIP Lajares y CEIP Tindaya, acompa\u00f1ada por el consejero de Educaci\u00f3n, Adargoma Hern\u00e1ndez, y la concejala del \u00e1rea del municipio de La Oliva, Omaira Saavedra.<\/p>\n<p>En el CEIP El Tost\u00f3n se ha mejorado la zona de huerto con un nuevo toldo, se han renovado elementos como las puertas y se ha arreglado el mariposario, adem\u00e1s de las labores de pintura de la fachada.<\/p>\n<p>En el CEIP Lajares, se repar\u00f3 la p\u00e9rgola y las paredes de la cancha deportiva. Asimismo, en el CEIP Tindaya, se han saneado y pintado las paredes del exterior y se ha construido una acera para evitar encharcamientos.<\/p>\n<p>De esta manera, se cumple con las demandas que hacen llegar los centros educativos de todos los municipios, gracias a la coordinaci\u00f3n entre las \u00e1reas de Fomento del Empleo y Educaci\u00f3n del Cabildo, los ayuntamientos, Gobierno de Canarias, as\u00ed como docentes y equipos directivos de los centros.<\/p>\n<p>Este proyecto cuenta con una inversi\u00f3n de m\u00e1s de un mill\u00f3n de euros, cofinanciados por fondos propios del Cabildo de Fuerteventura y recursos del Fondo de Desarrollo de Canarias (FDCAN).<\/p>\n<p>Actualmente, los trabajos del plan de empleo \u2018El Cabildo Act\u00faa\u2019 se llevan a seis centros: IES Corralejo, CEIP Puerto del Rosario, CEIP Tuineje, CEIP Gran Tarajal, CEIP La Lajita y CEIP P\u00e1jara. Las actuaciones continuar\u00e1n en otros centros educativos de Fuerteventura.<\/p>\n<\/div>\n","protected":false},"excerpt":{"rendered":"<p>29 octubre, 2025 Las actuaciones se llevan a m\u00e1s de una treintena de infraestructuras educativas de toda la Isla El Plan de Empleo \u2018El Cabildo Act\u00faa\u2019 contin\u00faa realizando obras de [&hellip;]<\/p>\n","protected":false},"author":1,"featured_media":13157,"comment_status":"open","ping_status":"open","sticky":false,"template":"","format":"standard","meta":{"inline_featured_image":false,"jnews-multi-image_gallery":[],"jnews_single_post":[],"jnews_primary_category":[],"jnews_social_meta":[],"jnews_override_counter":[],"jnews_post_split":[],"footnotes":""},"categories":[58],"tags":[73,82,65],"class_list":["post-13155","post","type-post","status-publish","format-standard","has-post-thumbnail","hentry","category-cabildo","tag-educacion","tag-fuerteventura","tag-municipios"],"jetpack_featured_media_url":"https:\/\/informacionlocal.es\/wp-content\/uploads\/2025\/10\/wdwd.jpeg","_links":{"self":[{"href":"https:\/\/informacionlocal.es\/de\/wp-json\/wp\/v2\/posts\/13155","targetHints":{"allow":["GET"]}}],"collection":[{"href":"https:\/\/informacionlocal.es\/de\/wp-json\/wp\/v2\/posts"}],"about":[{"href":"https:\/\/informacionlocal.es\/de\/wp-json\/wp\/v2\/types\/post"}],"author":[{"embeddable":true,"href":"https:\/\/informacionlocal.es\/de\/wp-json\/wp\/v2\/users\/1"}],"replies":[{"embeddable":true,"href":"https:\/\/informacionlocal.es\/de\/wp-json\/wp\/v2\/comments?post=13155"}],"version-history":[{"count":0,"href":"https:\/\/informacionlocal.es\/de\/wp-json\/wp\/v2\/posts\/13155\/revisions"}],"wp:featuredmedia":[{"embeddable":true,"href":"https:\/\/informacionlocal.es\/de\/wp-json\/wp\/v2\/media\/13157"}],"wp:attachment":[{"href":"https:\/\/informacionlocal.es\/de\/wp-json\/wp\/v2\/media?parent=13155"}],"wp:term":[{"taxonomy":"category","embeddable":true,"href":"https:\/\/informacionlocal.es\/de\/wp-json\/wp\/v2\/categories?post=13155"},{"taxonomy":"post_tag","embeddable":true,"href":"https:\/\/informacionlocal.es\/de\/wp-json\/wp\/v2\/tags?post=13155"}],"curies":[{"name":"wp","href":"https:\/\/api.w.org\/{rel}","templated":true}]}}