{"id":13137,"date":"2025-10-28T20:58:31","date_gmt":"2025-10-28T20:58:31","guid":{"rendered":"https:\/\/informacionlocal.es\/por-primera-vez-en-antigua-quedada-canina-iv-edicion-salchiquedadas-canarias\/"},"modified":"2025-10-28T20:58:31","modified_gmt":"2025-10-28T20:58:31","slug":"por-primera-vez-en-antigua-quedada-canina-iv-edicion-salchiquedadas-canarias","status":"publish","type":"post","link":"https:\/\/informacionlocal.es\/de\/por-primera-vez-en-antigua-quedada-canina-iv-edicion-salchiquedadas-canarias\/","title":{"rendered":"Por primera vez en Antigua quedada Canina IV Edici\u00f3n Salchiquedadas Canarias"},"content":{"rendered":"<div class=\"elementor-widget-container\">\n<p><strong>Por primera vez en Antigua quedada Canina<\/strong><br \/><strong>IV Edici\u00f3n Salchiquedadas Canarias<\/strong><\/p>\n<p><strong>\u2022 Antigua acoge la IV Salchiquedadas Canarias, el encuentro canino m\u00e1s social y petfriendly de Fuerteventura.<\/strong><\/p>\n<p><strong>\u2022 El evento contar\u00e1 con una carrera para perros, exposici\u00f3n de talento canino, ruta corta por los alrededores, pool party en la que todos los asistentes podr\u00e1n participar con sus perros, una exhibici\u00f3n canina, adem\u00e1s de premios y sorteos.<\/strong><\/p>\n<p>La Plaza de Antigua ser\u00e1 el escenario este domingo 2 de noviembre, de 10:00 a 14:00 horas, de la IV Edici\u00f3n de Salchiquedadas Canarias, un evento gratuito, abierto a todas las mezclas y razas de perros, que se ha consolidado como una cita pionera en Fuerteventura y referente en Canarias por su car\u00e1cter familiar, pet friendly y de bienestar animal.<\/p>\n<p>Con la colaboraci\u00f3n del Ayuntamiento de Antigua, la concejal\u00eda del Sector Primario y promovido por Axel Sifontes, creadora del proyecto Salchiquedadas Canarias, este encuentro reunir\u00e1 a familias, amantes de los animales y marcas del sector en una jornada de convivencia, juegos y conciencia sobre la tenencia responsable de mascotas.<br \/>\n\u201cDesde el Ayuntamiento de Antigua apostamos por iniciativas que fomenten la uni\u00f3n vecinal, el respeto por los animales y la dinamizaci\u00f3n de nuestros espacios p\u00fablicos\u201d, se\u00f1ala el alcalde de Antigua, Mat\u00edas Pe\u00f1a Garc\u00eda, quien destaca el compromiso del municipio por seguir impulsando actividades abiertas, sostenibles y familiares.<\/p>\n<p>El alcalde a\u00f1ade que la coincidencia de esta cuarta edici\u00f3n con el tradicional Mercado Agr\u00edcola de Antigua permitir\u00e1 disfrutar de una jornada m\u00e1s completa, que combina el producto local con actividades educativas y l\u00fadicas para todas las edades.<\/p>\n<p>Durante la ma\u00f1ana, los asistentes podr\u00e1n disfrutar contar\u00e1 con una carrera para perros, exposici\u00f3n de talento canino, ruta corta por los alrededores, pool party en la que todos los asistentes podr\u00e1n participar con sus perros, una exhibici\u00f3n canina a cargo de Manu Cabeza Perro, adem\u00e1s de premios y sorteos.<\/p>\n<p>\u201cSalchiquedadas Canarias naci\u00f3 en Fuerteventura con la idea de crear un espacio donde los perros y sus familias compartan momentos \u00fanicos. Hoy es un movimiento social que promueve el bienestar animal y el disfrute responsable en comunidad\u201d, afirma Axel Sifontes, promotora del evento.<br \/>\nEntre los colaboradores destacan Petklan, que llega a la isla majorera con su l\u00ednea de productos de alimentaci\u00f3n de alta calidad para perros, adem\u00e1s de Tuno Films, Axel MKT Agencia de Marketing, Bordados Fuertevinil y Mundo Maxcotas, entre otros.<\/p>\n<p>El evento contar\u00e1 tambi\u00e9n con la animaci\u00f3n y ambiente habitual del Mercado Agr\u00edcola de Antigua, que cada primer domingo de mes re\u00fane a vecinos y visitantes en un entorno familiar con productos locales, m\u00fasica en vivo y gastronom\u00eda artesanal.<\/p>\n<p>Para conocer todas las novedades de esta edici\u00f3n, los interesados pueden seguir las redes sociales oficiales de @salchiquedadas y del Ayuntamiento de Antigua.<\/p>\n<p>La organizaci\u00f3n recomienda que todos los asistentes dispongan de correa para sus mascotas y en el caso de perros potencialmente peligrosos, con bozal reglamentario. Que todas sus mascotas est\u00e9n correctamente vacunados y tambi\u00e9n es importante llevar bolsas para recoger sus deposiciones para ayudar a mantener limpio el espacio.<\/p>\n<p>\u00a0<\/p>\n<\/div>\n","protected":false},"excerpt":{"rendered":"<p><strong>Por primera vez en Antigua quedada Canina<\/strong><\/p>\n","protected":false},"author":1,"featured_media":0,"comment_status":"open","ping_status":"open","sticky":false,"template":"","format":"standard","meta":{"inline_featured_image":false,"jnews-multi-image_gallery":[],"jnews_single_post":[],"jnews_primary_category":[],"jnews_social_meta":[],"jnews_override_counter":[],"jnews_post_split":[],"footnotes":""},"categories":[59],"tags":[82],"class_list":["post-13137","post","type-post","status-publish","format-standard","hentry","category-antigua","tag-fuerteventura"],"jetpack_featured_media_url":"","_links":{"self":[{"href":"https:\/\/informacionlocal.es\/de\/wp-json\/wp\/v2\/posts\/13137","targetHints":{"allow":["GET"]}}],"collection":[{"href":"https:\/\/informacionlocal.es\/de\/wp-json\/wp\/v2\/posts"}],"about":[{"href":"https:\/\/informacionlocal.es\/de\/wp-json\/wp\/v2\/types\/post"}],"author":[{"embeddable":true,"href":"https:\/\/informacionlocal.es\/de\/wp-json\/wp\/v2\/users\/1"}],"replies":[{"embeddable":true,"href":"https:\/\/informacionlocal.es\/de\/wp-json\/wp\/v2\/comments?post=13137"}],"version-history":[{"count":0,"href":"https:\/\/informacionlocal.es\/de\/wp-json\/wp\/v2\/posts\/13137\/revisions"}],"wp:attachment":[{"href":"https:\/\/informacionlocal.es\/de\/wp-json\/wp\/v2\/media?parent=13137"}],"wp:term":[{"taxonomy":"category","embeddable":true,"href":"https:\/\/informacionlocal.es\/de\/wp-json\/wp\/v2\/categories?post=13137"},{"taxonomy":"post_tag","embeddable":true,"href":"https:\/\/informacionlocal.es\/de\/wp-json\/wp\/v2\/tags?post=13137"}],"curies":[{"name":"wp","href":"https:\/\/api.w.org\/{rel}","templated":true}]}}