{"id":13113,"date":"2025-10-28T16:58:34","date_gmt":"2025-10-28T16:58:34","guid":{"rendered":"https:\/\/informacionlocal.es\/el-cabildo-pone-en-marcha-el-proyecto-actividades-creativas-con-tic-en-las-aulas-enclave-de-fuerteventura\/"},"modified":"2025-10-28T16:58:34","modified_gmt":"2025-10-28T16:58:34","slug":"el-cabildo-pone-en-marcha-el-proyecto-actividades-creativas-con-tic-en-las-aulas-enclave-de-fuerteventura","status":"publish","type":"post","link":"https:\/\/informacionlocal.es\/de\/el-cabildo-pone-en-marcha-el-proyecto-actividades-creativas-con-tic-en-las-aulas-enclave-de-fuerteventura\/","title":{"rendered":"El Cabildo pone en marcha el proyecto \u2018Actividades Creativas con TIC\u2019 en las Aulas Enclave de Fuerteventura"},"content":{"rendered":"<div class=\"entry-content\"><strong>28 octubre, 2025<\/strong><\/p>\n<p>El Cabildo Insular de Fuerteventura, a trav\u00e9s del \u00e1rea de Nuevas Tecnolog\u00edas, ha puesto en marcha el proyecto \u2018Actividades Creativas con TIC para Aulas Enclave\u2019, una iniciativa pionera que busca fomentar la creatividad, la motivaci\u00f3n y las competencias digitales del alumnado con necesidades educativas especiales en los diferentes centros educativos de la Isla.<\/p>\n<p>Financiado con fondos del Fondo de Desarrollo de Canarias (FDCAN), el proyecto persigue integrar las Tecnolog\u00edas de la Informaci\u00f3n y la Comunicaci\u00f3n (TIC) como herramienta educativa y expresiva en los entornos inclusivos de las Aulas Enclave.<\/p>\n<p>Alumnado de Primaria y Secundaria participa en diversas sesiones que combinan la creatividad art\u00edstica con el uso de la tecnolog\u00eda. Las actividades incluyen creaci\u00f3n de canciones con aplicaciones m\u00f3viles, fotograf\u00eda digital, dibujo y dise\u00f1o gr\u00e1fico, escritura creativa y ejercicios pr\u00e1cticos con inteligencia artificial. Cada propuesta est\u00e1 adaptada a la edad y las capacidades del alumnado, con un enfoque participativo, din\u00e1mico e inclusivo.<\/p>\n<p>Seg\u00fan la consejera insular delegada, Carmen Alonso, \u201ceste proyecto representa un paso m\u00e1s en el compromiso del Cabildo con la inclusi\u00f3n digital y educativa. Queremos que todos los alumnos y alumnas, independientemente de sus circunstancias, puedan desarrollar su creatividad y adquirir competencias que les ser\u00e1n \u00fatiles en el futuro\u201d.<\/p>\n<p>La iniciativa se enmarca en la estrategia insular de impulso a la innovaci\u00f3n educativa y la digitalizaci\u00f3n de los servicios p\u00fablicos. Las actividades ser\u00e1n coordinadas con el profesorado de las Aulas Enclave para garantizar su integraci\u00f3n en el curr\u00edculo y la adaptaci\u00f3n a las necesidades de cada grupo.<\/p>\n<p>Al mismo tiempo, prosigui\u00f3 Alonso, se fomenta la inclusividad con \u201cla combinaci\u00f3n de recursos tecnol\u00f3gicos accesibles y metodolog\u00edas activas permite reforzar la motivaci\u00f3n del alumnado y mejorar su participaci\u00f3n en los procesos de aprendizaje\u201d.<\/p>\n<p>El proyecto \u201cActividades Creativas con TIC para Aulas Enclave\u201d contin\u00faa as\u00ed la apuesta del Cabildo de Fuerteventura por desarrollar una educaci\u00f3n m\u00e1s digital, inclusiva y creativa, contribuyendo al mismo tiempo a los objetivos del FDCAN en materia de innovaci\u00f3n y desarrollo social.<\/p>\n<\/div>\n","protected":false},"excerpt":{"rendered":"<p>28 octubre, 2025 El Cabildo Insular de Fuerteventura, a trav\u00e9s del \u00e1rea de Nuevas Tecnolog\u00edas, ha puesto en marcha el proyecto \u2018Actividades Creativas con TIC para Aulas Enclave\u2019, una iniciativa [&hellip;]<\/p>\n","protected":false},"author":1,"featured_media":13115,"comment_status":"open","ping_status":"open","sticky":false,"template":"","format":"standard","meta":{"inline_featured_image":false,"jnews-multi-image_gallery":[],"jnews_single_post":[],"jnews_primary_category":[],"jnews_social_meta":[],"jnews_override_counter":[],"jnews_post_split":[],"footnotes":""},"categories":[58],"tags":[73,82,72,66],"class_list":["post-13113","post","type-post","status-publish","format-standard","has-post-thumbnail","hentry","category-cabildo","tag-educacion","tag-fuerteventura","tag-integracion","tag-servicios-publicos"],"jetpack_featured_media_url":"https:\/\/informacionlocal.es\/wp-content\/uploads\/2025\/10\/aulas-en-clave4.jpeg","_links":{"self":[{"href":"https:\/\/informacionlocal.es\/de\/wp-json\/wp\/v2\/posts\/13113","targetHints":{"allow":["GET"]}}],"collection":[{"href":"https:\/\/informacionlocal.es\/de\/wp-json\/wp\/v2\/posts"}],"about":[{"href":"https:\/\/informacionlocal.es\/de\/wp-json\/wp\/v2\/types\/post"}],"author":[{"embeddable":true,"href":"https:\/\/informacionlocal.es\/de\/wp-json\/wp\/v2\/users\/1"}],"replies":[{"embeddable":true,"href":"https:\/\/informacionlocal.es\/de\/wp-json\/wp\/v2\/comments?post=13113"}],"version-history":[{"count":0,"href":"https:\/\/informacionlocal.es\/de\/wp-json\/wp\/v2\/posts\/13113\/revisions"}],"wp:featuredmedia":[{"embeddable":true,"href":"https:\/\/informacionlocal.es\/de\/wp-json\/wp\/v2\/media\/13115"}],"wp:attachment":[{"href":"https:\/\/informacionlocal.es\/de\/wp-json\/wp\/v2\/media?parent=13113"}],"wp:term":[{"taxonomy":"category","embeddable":true,"href":"https:\/\/informacionlocal.es\/de\/wp-json\/wp\/v2\/categories?post=13113"},{"taxonomy":"post_tag","embeddable":true,"href":"https:\/\/informacionlocal.es\/de\/wp-json\/wp\/v2\/tags?post=13113"}],"curies":[{"name":"wp","href":"https:\/\/api.w.org\/{rel}","templated":true}]}}