{"id":1305,"date":"2025-04-11T16:02:26","date_gmt":"2025-04-11T16:02:26","guid":{"rendered":"https:\/\/informacionlocal.es\/die-lokalen-produkte-von-pajara-glaenzen-auf-der-gourmet-messe-2025\/"},"modified":"2025-04-14T10:01:30","modified_gmt":"2025-04-14T10:01:30","slug":"die-lokalen-produkte-von-pajara-glaenzen-auf-der-gourmet-messe-2025","status":"publish","type":"post","link":"https:\/\/informacionlocal.es\/de\/die-lokalen-produkte-von-pajara-glaenzen-auf-der-gourmet-messe-2025\/","title":{"rendered":"Die lokalen Produkte von P\u00e1jara gl\u00e4nzen auf der Gourmet-Messe 2025"},"content":{"rendered":"<div class=\"entry-content\">\n<p><b><i>Das Rathaus von P\u00e1jara hebt die Teilnahme des Viehzuchtbetriebs La Pared, der Gruppe Ganaderos de Fuerteventura und Oasis Wildlife an der Veranstaltung hervor.  <\/i><\/b><\/p>\n<p><span>Die Gemeinde P\u00e1jara feiert die nationale Anerkennung ihrer lokalen Erzeuger auf der Messe Gourmet 2025, einer der wichtigsten Veranstaltungen im Agrar- und Lebensmittelsektor auf nationaler Ebene. In diesem Jahr haben die Erzeuger von Majorero wichtige Erfolge erzielt und Auszeichnungen erhalten, die die Qualit\u00e4t und Exzellenz der lokalen Produktion unterstreichen.   <\/span><\/p>\n<p><span>Der Beigeordnete f\u00fcr den Prim\u00e4rsektor, Jos\u00e9 Manuel D\u00edaz, weist darauf hin, dass diese Auszeichnungen die Bem\u00fchungen und das Engagement der lokalen Erzeuger widerspiegeln. &#8222;Der Stadtrat von P\u00e1jara wird den Prim\u00e4rsektor als wesentliche S\u00e4ule unserer lokalen Wirtschaft weiterhin unterst\u00fctzen. Die erhaltenen Auszeichnungen unterstreichen die Arbeit der lokalen Erzeuger und erg\u00e4nzen die Anerkennung des Majorero-K\u00e4ses, der dank der kollektiven Bem\u00fchungen der Viehwirtschaft Fuerteventuras auf nationaler Ebene immer bekannter wird&#8220;.   <\/span><\/p>\n<p><span>Der B\u00fcrgermeister von P\u00e1jara, Alejandro Jorge, begl\u00fcckw\u00fcnscht alle Preistr\u00e4ger und unterstreicht die Bedeutung dieser Auszeichnungen f\u00fcr die Gemeinde. &#8222;Diese Auszeichnungen st\u00e4rken die Identit\u00e4t der Gemeinde, ein Ort, an dem sich Tradition und Innovation vereinen, um weiterhin Produkte anzubieten, die f\u00fcr Qualit\u00e4t und Authentizit\u00e4t stehen&#8220;.   <\/span><\/p>\n<p><span>Bei dieser Ausgabe wurde der Viehzuchtbetrieb La Pared mit dem dritten Preis in der Kategorie halbgereifter Paprikak\u00e4se aus Ziegenrohmilch ausgezeichnet, der das gastronomische Erbe der Insel hervorhebt. Dar\u00fcber hinaus erhielt die Gruppe Ganaderos de Fuerteventura drei wichtige Auszeichnungen: Goldmedaillen f\u00fcr den Mezcla-K\u00e4se Selectum und den gereiften Exportk\u00e4se Maxorata sowie Silber f\u00fcr den pasteurisierten gereiften Ziegenk\u00e4se.   <\/span><\/p>\n<p><span>Hervorgehoben wurde auch die Teilnahme von Oasis Wildlife an der Veranstaltung, die innovative Produkte aus Kamelmilch vorstellte, die sich durch ihre Qualit\u00e4t und ihren Gesundheitswert auszeichnen. Zu den vom Publikum am meisten gesch\u00e4tzten Vorschl\u00e4gen geh\u00f6rte ein innovatives Ambrosia auf der Basis von Kamelmilch und Schokolade, das das Publikum in seinen Bann zog. <\/span><\/p>\n<div>Teilen Sie<\/div>\n<\/div>\n","protected":false},"excerpt":{"rendered":"<p><i>Das Rathaus von P\u00e1jara hebt die Teilnahme des Viehzuchtbetriebs La Pared, der Gruppe Ganaderos de Fuerteventura und Oasis Wildlife an der Veranstaltung hervor.  <\/i><\/p>\n","protected":false},"author":1,"featured_media":858,"comment_status":"open","ping_status":"open","sticky":false,"template":"","format":"standard","meta":{"inline_featured_image":false,"jnews-multi-image_gallery":[],"jnews_single_post":[],"jnews_primary_category":[],"jnews_social_meta":[],"jnews_override_counter":[],"jnews_post_split":[],"footnotes":""},"categories":[297],"tags":[216,196,217,237],"class_list":["post-1305","post","type-post","status-publish","format-standard","has-post-thumbnail","hentry","category-pajara-de","tag-fuerteventura-de","tag-gemeinden","tag-kultur-und-freizeit","tag-veranstaltungen"],"jetpack_featured_media_url":"https:\/\/informacionlocal.es\/wp-content\/uploads\/2025\/04\/salon-gourmet-e1744384548357.jpeg","_links":{"self":[{"href":"https:\/\/informacionlocal.es\/de\/wp-json\/wp\/v2\/posts\/1305","targetHints":{"allow":["GET"]}}],"collection":[{"href":"https:\/\/informacionlocal.es\/de\/wp-json\/wp\/v2\/posts"}],"about":[{"href":"https:\/\/informacionlocal.es\/de\/wp-json\/wp\/v2\/types\/post"}],"author":[{"embeddable":true,"href":"https:\/\/informacionlocal.es\/de\/wp-json\/wp\/v2\/users\/1"}],"replies":[{"embeddable":true,"href":"https:\/\/informacionlocal.es\/de\/wp-json\/wp\/v2\/comments?post=1305"}],"version-history":[{"count":1,"href":"https:\/\/informacionlocal.es\/de\/wp-json\/wp\/v2\/posts\/1305\/revisions"}],"predecessor-version":[{"id":1654,"href":"https:\/\/informacionlocal.es\/de\/wp-json\/wp\/v2\/posts\/1305\/revisions\/1654"}],"wp:featuredmedia":[{"embeddable":true,"href":"https:\/\/informacionlocal.es\/de\/wp-json\/wp\/v2\/media\/858"}],"wp:attachment":[{"href":"https:\/\/informacionlocal.es\/de\/wp-json\/wp\/v2\/media?parent=1305"}],"wp:term":[{"taxonomy":"category","embeddable":true,"href":"https:\/\/informacionlocal.es\/de\/wp-json\/wp\/v2\/categories?post=1305"},{"taxonomy":"post_tag","embeddable":true,"href":"https:\/\/informacionlocal.es\/de\/wp-json\/wp\/v2\/tags?post=1305"}],"curies":[{"name":"wp","href":"https:\/\/api.w.org\/{rel}","templated":true}]}}