{"id":1304,"date":"2025-04-11T14:36:14","date_gmt":"2025-04-11T14:36:14","guid":{"rendered":"https:\/\/informacionlocal.es\/studenten-des-ausbildungszyklus-zum-netzwerktechniker-des-ies-corralejo-werden-ihr-praktikum-bei-suministros-de-agua-la-oliva-absolvieren\/"},"modified":"2025-04-14T10:00:10","modified_gmt":"2025-04-14T10:00:10","slug":"studenten-des-ausbildungszyklus-zum-netzwerktechniker-des-ies-corralejo-werden-ihr-praktikum-bei-suministros-de-agua-la-oliva-absolvieren","status":"publish","type":"post","link":"https:\/\/informacionlocal.es\/de\/studenten-des-ausbildungszyklus-zum-netzwerktechniker-des-ies-corralejo-werden-ihr-praktikum-bei-suministros-de-agua-la-oliva-absolvieren\/","title":{"rendered":"Studenten des Ausbildungszyklus zum Netzwerktechniker des IES Corralejo werden ihr Praktikum bei Suministros de Agua La Oliva absolvieren."},"content":{"rendered":"<p>Die Stadtverwaltung von La Oliva stellt \u00fcber Suministros de Agua La Oliva zum ersten Mal ihre kommunale Entsalzungsanlage den Studenten des mittleren Ausbildungszyklus in Wasseraufbereitungsnetzen und -stationen, der vom IES Corralejo unterrichtet wird, f\u00fcr Praktika zur Verf\u00fcgung. Diese Aktion bringt die Arbeit in dieser \u00f6ffentlichen Einrichtung, die Prozesse und den Alltag, etwas Wesentliches, so dass die Studenten nicht nur das, was sie w\u00e4hrend des Studiums gelernt haben, in die Praxis umsetzen k\u00f6nnen, sondern auch aus erster Hand die Arbeitswelt kennenlernen, mit der sie nach ihrem Studium konfrontiert werden.   <\/p>\n<p>Der B\u00fcrgermeister von La Oliva, Isa\u00ed Blanco, sagt: &#8222;Das Rathaus ist stolz darauf, die Studenten des Klempnerstudiums in einem Unternehmen wie Suministros Agua La Oliva als Praktikanten begr\u00fc\u00dfen zu k\u00f6nnen. Wir hoffen, dass ihre Arbeitserfahrung sehr bereichernd sein wird und es ihnen erm\u00f6glicht, mehr \u00fcber das zu lernen, was sie in den letzten Monaten im Klassenzimmer gelernt haben, w\u00e4hrend sie gleichzeitig mit der Realit\u00e4t der Arbeitswelt in Ber\u00fchrung kommen&#8220;.  <\/p>\n<p>Der stellvertretende B\u00fcrgermeister und Pr\u00e4sident von Salosa, Julio Santana, betont: &#8222;Es ist das erste Mal, dass die Einrichtungen von Suministros de Agua La Oliva den Studenten zur Verf\u00fcgung gestellt werden, so dass die Studenten die in den letzten Monaten erlernte Theorie in der Praxis abschlie\u00dfen k\u00f6nnen. Dies ist eine gro\u00dfartige Gelegenheit f\u00fcr die jungen Leute, mehr \u00fcber das Unternehmen zu erfahren und ihre ersten Schritte im Arbeitssektor zu machen&#8220;.  <\/p>\n<p>Schlie\u00dflich f\u00fcgt Santana hinzu: &#8222;Wir ermutigen andere Unternehmen, sowohl \u00f6ffentliche als auch private, Studenten die M\u00f6glichkeit zu geben, Praktika zu absolvieren, denn die Studenten von heute sind die Fachleute von morgen.<\/p>\n","protected":false},"excerpt":{"rendered":"<p><span>Zum ersten Mal werden Studenten ihr Praktikum in der st\u00e4dtischen Entsalzungsanlage absolvieren.<\/span><\/p>\n","protected":false},"author":1,"featured_media":855,"comment_status":"open","ping_status":"open","sticky":false,"template":"","format":"standard","meta":{"inline_featured_image":false,"jnews-multi-image_gallery":[],"jnews_single_post":[],"jnews_primary_category":[],"jnews_social_meta":[],"jnews_override_counter":[],"jnews_post_split":[],"footnotes":""},"categories":[291],"tags":[215,214,196,197],"class_list":["post-1304","post","type-post","status-publish","format-standard","has-post-thumbnail","hentry","category-la-oliva-de","tag-beschaftigung-und-ausbildung","tag-bildung","tag-gemeinden","tag-offentliche-dienste"],"jetpack_featured_media_url":"https:\/\/informacionlocal.es\/wp-content\/uploads\/2025\/04\/5186_1e3490a9.png","_links":{"self":[{"href":"https:\/\/informacionlocal.es\/de\/wp-json\/wp\/v2\/posts\/1304","targetHints":{"allow":["GET"]}}],"collection":[{"href":"https:\/\/informacionlocal.es\/de\/wp-json\/wp\/v2\/posts"}],"about":[{"href":"https:\/\/informacionlocal.es\/de\/wp-json\/wp\/v2\/types\/post"}],"author":[{"embeddable":true,"href":"https:\/\/informacionlocal.es\/de\/wp-json\/wp\/v2\/users\/1"}],"replies":[{"embeddable":true,"href":"https:\/\/informacionlocal.es\/de\/wp-json\/wp\/v2\/comments?post=1304"}],"version-history":[{"count":1,"href":"https:\/\/informacionlocal.es\/de\/wp-json\/wp\/v2\/posts\/1304\/revisions"}],"predecessor-version":[{"id":1608,"href":"https:\/\/informacionlocal.es\/de\/wp-json\/wp\/v2\/posts\/1304\/revisions\/1608"}],"wp:featuredmedia":[{"embeddable":true,"href":"https:\/\/informacionlocal.es\/de\/wp-json\/wp\/v2\/media\/855"}],"wp:attachment":[{"href":"https:\/\/informacionlocal.es\/de\/wp-json\/wp\/v2\/media?parent=1304"}],"wp:term":[{"taxonomy":"category","embeddable":true,"href":"https:\/\/informacionlocal.es\/de\/wp-json\/wp\/v2\/categories?post=1304"},{"taxonomy":"post_tag","embeddable":true,"href":"https:\/\/informacionlocal.es\/de\/wp-json\/wp\/v2\/tags?post=1304"}],"curies":[{"name":"wp","href":"https:\/\/api.w.org\/{rel}","templated":true}]}}