{"id":12987,"date":"2025-10-25T03:58:50","date_gmt":"2025-10-25T02:58:50","guid":{"rendered":"https:\/\/informacionlocal.es\/el-periodista-vicente-valles-presenta-su-ultima-novela-en-la-feria-del-libro-de-fuerteventura\/"},"modified":"2025-10-25T03:58:50","modified_gmt":"2025-10-25T02:58:50","slug":"el-periodista-vicente-valles-presenta-su-ultima-novela-en-la-feria-del-libro-de-fuerteventura","status":"publish","type":"post","link":"https:\/\/informacionlocal.es\/de\/el-periodista-vicente-valles-presenta-su-ultima-novela-en-la-feria-del-libro-de-fuerteventura\/","title":{"rendered":"El periodista Vicente Vall\u00e9s presenta su \u00faltima novela en la Feria del Libro de Fuerteventura"},"content":{"rendered":"<div class=\"entry-content\"><strong>24 octubre, 2025<\/strong><\/p>\n<p><strong><em>Una mesa redonda abordar\u00e1 la figura de Alonso Quesada, el autor<br \/>\nhomenajeado en el D\u00eda de las Letras Canarias 2025<\/em><\/strong><\/p>\n<p><strong><em>La obra de teatro \u2018En mitad de tanto fuego\u2019, de Alberto Conejero, cerrar\u00e1 la agenda del s\u00e1bado en la Sala Sinf\u00f3nica del Palacio de Formaci\u00f3n y Congresos de Fuerteventura<\/em><\/strong><\/p>\n<p>El popular periodista y presentador Vicente Vall\u00e9s ser\u00e1 uno de los<br \/>\nprotagonistas, este s\u00e1bado, de la completa agenda de la 35 edici\u00f3n de la Feria<br \/>\ndel Libro de Fuerteventura, que se celebra hasta este domingo 26 de octubre en<br \/>\nla Plaza del Palacio de Formaci\u00f3n y Congresos de Fuerteventura.<\/p>\n<p>Vall\u00e9s, que presentar\u00e1 \u2018La caza del ejecutor\u2019 a las 20:30 horas en<br \/>\nla Carpa Josefina Pl\u00e1, estar\u00e1 acompa\u00f1ado por el periodista canario Manuel<br \/>\nRiveiro. Despu\u00e9s del \u00e9xito que cosech\u00f3 con \u2018Operaci\u00f3n Kaz\u00e1n\u2019, el lanzamiento de<br \/>\neste libro consolida a Vall\u00e9s como uno de los narradores m\u00e1s adictivos del<br \/>\npanorama actual y demuestra que domina la geopol\u00edtica como pocos. No en vano,<br \/>\nha sido calificado como el \u201cmaestro\u201d de las novelas de esp\u00edas.<\/p>\n<p>Mientras, a las 11:00 horas, el programa ha reservado un espacio<br \/>\nimportante para recordar la figura de Alonso Quesada, el autor homenajeado en<br \/>\nel D\u00eda de las Letras Canarias este 2025. El encargado de guiar esta mesa<br \/>\nredonda, que tendr\u00e1 lugar en la Sala Chillida del Palacio de Formaci\u00f3n y<br \/>\nCongresos, ser\u00e1 Mariano Rup\u00e9rez, coordinador de la Unidad del Libro del<br \/>\nInstituto Canario de Desarrollo Cultural (ICDC), entidad dependiente del<br \/>\nGobierno de Canarias, que se encarga de organizar este encuentro. Participan,<br \/>\ncomo ponentes, Beatriz Morales, Marcos Hormiga y Victoriano Santana.<\/p>\n<p>Otro de los platos fuertes del d\u00eda ser\u00e1 la obra de teatro de<br \/>\nAlberto Conejero \u2018En mitad de tanto fuego\u2019, que podr\u00e1 verse en la Sala<br \/>\nSinf\u00f3nica del Palacio de Formaci\u00f3n y Congresos a las 21:30 horas con acceso<br \/>\ngratuito previa reserva a trav\u00e9s de culturafuerteventura.es. Rub\u00e9n Egu\u00eda<br \/>\nprotagoniza esta obra maestra que combina voces del pasado y del presente. Lo<br \/>\nhace a partir del personaje de Patroclo, compa\u00f1ero de armas de Aquiles. Un<br \/>\nmontaje que acercar\u00e1 al p\u00fablico a una obra fundamental de la literatura cl\u00e1sica<br \/>\ngriega, \u2018La Il\u00edada\u2019.<\/p>\n<p><strong>T\u00edteres y danza<\/strong><\/p>\n<p>La jornada cultural comenzar\u00e1 a las 10:00 horas con los<br \/>\nbebecuentos de Fidel Galv\u00e1n del Val, con sesiones que se realizan en la Sala<br \/>\nInfantil y Juvenil para las que es necesario realizar una inscripci\u00f3n previa, y<br \/>\nel espect\u00e1culo infantil de t\u00edteres \u2018El mago de Oz\u2019, a cargo de la Compa\u00f1\u00eda La<br \/>\nCanica Teatro de T\u00edteres,<\/p>\n<p>A las 12:00 horas ser\u00e1 el turno del estreno del espect\u00e1culo de<br \/>\ndanza \u2018No pidas sardinas fuera de temporada\u2019, del majorero Aar\u00f3n Comino y con<br \/>\ntextos de la escritora Virginia Woolf. Ser\u00e1 en la Plaza del Palacio de<br \/>\nFormaci\u00f3n y Congresos.<\/p>\n<p>Las presentaciones literarias empezar\u00e1n a las 12:30 horas con<br \/>\n\u2018Ni\u00f1as Sucias\u2019 de la tinerfe\u00f1a Elena Correa, que estar\u00e1 acompa\u00f1ada por Izaskun<br \/>\nLegarza, de la Librer\u00eda de Mujeres. Media hora despu\u00e9s, a las 13:30 horas, ser\u00e1<br \/>\nel turno de Violeta Chac\u00f3n y \u2018Manual de Tejer de T\u00eda Enriqueta (II)\u2019, junto a<br \/>\nla enfermera y profesora de la UNED D\u00e1cil Tadeo. La ma\u00f1ana concluir\u00e1 con<br \/>\n\u2018Filera de hormigas\u2019, de Ana Bel\u00e9n Atchen, N\u00e9stor, Marcos y F\u00e9lix Hormiga.<\/p>\n<p>Por la tarde, y desde las 18:00 horas, la Feria volver\u00e1 a abrir<br \/>\nsus puertas con el espect\u00e1culo de acrobacias \u2018Fisgoneo\u2019, de la Compa\u00f1\u00eda De Tal<br \/>\nPalo. A las 19:00 horas, la periodista Berna Gonz\u00e1lez Harbour presentar\u00e1 \u2018Qu\u00e9<br \/>\nfue de los Lighthouse\u2019 de la mano de la profesora de Literatura Libertad<br \/>\nMorales. A continuaci\u00f3n, a las 19:30 horas, ser\u00e1 el turno de Blanca Lacasa y<br \/>\n\u2018El accidente\u2019. Estar\u00e1 acompa\u00f1ada por la periodista y escritora \u00c1ngeles Jurado.<br \/>\nA las 20:00 horas Paulina Flores hablar\u00e1 de \u2018La pr\u00f3xima vez que te vea, te mato\u2019<br \/>\ncon el profesor de Literatura de la Universidad de La Laguna (ULL) Javier<br \/>\nRivero Grandoso.<\/p>\n<p>La Feria del Libro est\u00e1 organizada por el Centro Bibliotecario<br \/>\nInsular, dependiente de la Consejer\u00eda de Cultura del Cabildo de Fuerteventura,<br \/>\ny cuenta con la colaboraci\u00f3n del Instituto Canario de Desarrollo Cultural del<br \/>\nGobierno de Canarias.<\/p>\n<\/div>\n","protected":false},"excerpt":{"rendered":"<p>24 octubre, 2025 Una mesa redonda abordar\u00e1 la figura de Alonso Quesada, el autor homenajeado en el D\u00eda de las Letras Canarias 2025 La obra de teatro \u2018En mitad de [&hellip;]<\/p>\n","protected":false},"author":1,"featured_media":12989,"comment_status":"open","ping_status":"open","sticky":false,"template":"","format":"standard","meta":{"inline_featured_image":false,"jnews-multi-image_gallery":[],"jnews_single_post":[],"jnews_primary_category":[],"jnews_social_meta":[],"jnews_override_counter":[],"jnews_post_split":[],"footnotes":""},"categories":[58],"tags":[82],"class_list":["post-12987","post","type-post","status-publish","format-standard","has-post-thumbnail","hentry","category-cabildo","tag-fuerteventura"],"jetpack_featured_media_url":"https:\/\/informacionlocal.es\/wp-content\/uploads\/2025\/10\/vicente-vallc3a9s.jpeg","_links":{"self":[{"href":"https:\/\/informacionlocal.es\/de\/wp-json\/wp\/v2\/posts\/12987","targetHints":{"allow":["GET"]}}],"collection":[{"href":"https:\/\/informacionlocal.es\/de\/wp-json\/wp\/v2\/posts"}],"about":[{"href":"https:\/\/informacionlocal.es\/de\/wp-json\/wp\/v2\/types\/post"}],"author":[{"embeddable":true,"href":"https:\/\/informacionlocal.es\/de\/wp-json\/wp\/v2\/users\/1"}],"replies":[{"embeddable":true,"href":"https:\/\/informacionlocal.es\/de\/wp-json\/wp\/v2\/comments?post=12987"}],"version-history":[{"count":0,"href":"https:\/\/informacionlocal.es\/de\/wp-json\/wp\/v2\/posts\/12987\/revisions"}],"wp:featuredmedia":[{"embeddable":true,"href":"https:\/\/informacionlocal.es\/de\/wp-json\/wp\/v2\/media\/12989"}],"wp:attachment":[{"href":"https:\/\/informacionlocal.es\/de\/wp-json\/wp\/v2\/media?parent=12987"}],"wp:term":[{"taxonomy":"category","embeddable":true,"href":"https:\/\/informacionlocal.es\/de\/wp-json\/wp\/v2\/categories?post=12987"},{"taxonomy":"post_tag","embeddable":true,"href":"https:\/\/informacionlocal.es\/de\/wp-json\/wp\/v2\/tags?post=12987"}],"curies":[{"name":"wp","href":"https:\/\/api.w.org\/{rel}","templated":true}]}}