{"id":12975,"date":"2025-10-25T01:58:42","date_gmt":"2025-10-25T00:58:42","guid":{"rendered":"https:\/\/informacionlocal.es\/cabildo-y-reserva-de-la-biosfera-refuerzan-el-compromiso-de-la-isla-con-su-declaracion-como-kilometro-cero-del-corredor-biologico-mundial\/"},"modified":"2025-10-25T01:58:42","modified_gmt":"2025-10-25T00:58:42","slug":"cabildo-y-reserva-de-la-biosfera-refuerzan-el-compromiso-de-la-isla-con-su-declaracion-como-kilometro-cero-del-corredor-biologico-mundial","status":"publish","type":"post","link":"https:\/\/informacionlocal.es\/de\/cabildo-y-reserva-de-la-biosfera-refuerzan-el-compromiso-de-la-isla-con-su-declaracion-como-kilometro-cero-del-corredor-biologico-mundial\/","title":{"rendered":"Cabildo y Reserva de la Biosfera refuerzan el compromiso de la Isla con su declaraci\u00f3n como kil\u00f3metro cero del Corredor Biol\u00f3gico Mundial"},"content":{"rendered":"<div class=\"entry-content\"><strong>24 octubre, 2025<\/strong><\/p>\n<p><em><strong>Lola Garc\u00eda y Marlene Figueroa se re\u00fanen con el responsable del Comit\u00e9 internacional, Jorge Estramiaga, para valorar y definir acciones de protecci\u00f3n e investigaci\u00f3n cient\u00edfica en las \u00e1reas terrestres y marinas de alto valor ecol\u00f3gico<\/strong><\/em><\/p>\n<p>El Cabildo de Fuerteventura y la Reserva de la Biosfera refuerzan su compromiso con la sostenibilidad y la protecci\u00f3n medioambiental de la Isla recibiendo en el d\u00eda de hoy al presidente del Comit\u00e9 Internacional del Corredor Biol\u00f3gico Mundial, Jorge Estramiaga Salillas, que realiza una visita de supervisi\u00f3n y seguimiento de las \u00e1reas de Fuerteventura consideradas \u201cKil\u00f3metro 0\u201d en el marco de esta iniciativa internacional que tiene como objetivo proteger, revalorizar y conectar h\u00e1bitats de alto valor por su biodiversidad.<\/p>\n<p>En la reuni\u00f3n con el m\u00e1ximo representante del Corredor Biol\u00f3gico Mundial\u00a0https:\/\/corredorbiologicomundial.org\/\u00a0han estado presentes la Presidenta del Cabildo, Lola Garcia, la Consejera de Turismo, Reserva de la Biosfera y Economia Azul, Marlene Figueroa, el Gerente\u00a0 de la Reserva de la Biosfera, Tony Gallardo, y representantes de las Asociaci\u00f3n Calderones Grises de Fuerteventura, aprovechando para intercambiar buenas pr\u00e1cticas desarrolladas en la Isla y otros corredores y establecer alianzas de colaboraci\u00f3n cient\u00edfica y con las Administraciones P\u00fablicas.<\/p>\n<p>La presidenta del Cabildo, Lola Garc\u00eda, record\u00f3 la unanimidad de todas las fuerzas pol\u00edticas de la Isla en seguir trabajando en este proyecto y en esta direcci\u00f3n, subrayando que cada acci\u00f3n y pol\u00edtica insular tiene en muy cuenta el cuidado, el respeto y el equilibrio entre la protecci\u00f3n y el uso y disfrute de nuestro territorio.<\/p>\n<p>Por su parte la Consejera de Turismo, Reserva de la Biosfera y Economia Azul. Marlene Figueroa quiso enfatizar que por desgracia el cambio clim\u00e1tico y la p\u00e9rdida de la biodiversidad no son fen\u00f3menos ajenos ni distantes, son m\u00e1s bien una realidad que ya afecta gravemente a nuestra isla, y desde el Cabildo Insular somos muy conscientes de ello y estamos seriamente comprometidos con la b\u00fasqueda de soluciones.<\/p>\n<p>No es casualidad que se est\u00e9n reforzando los tres Corredores ya existentes en la Isla desde el a\u00f1o 2021, explic\u00f3 Figueroa, porque su protecci\u00f3n, estudio y revalorizaci\u00f3n son parte precisamente de la soluci\u00f3n y permitir\u00e1 a las generaciones futuras conocer y disfrutar de estos h\u00e1bitats tan singulares.<\/p>\n<p>Fuerteventura cuenta en la actualidad con tres puntos focales o Km 0 incluidos en el Corredor Biol\u00f3gico Mundial, que son el denominado \u201cKil\u00f3metro de la Desertizaci\u00f3n en sistemas Insulares del Corredor biol\u00f3gico Mundial\u201d que incluye al conjunto de la isla; el \u201cKil\u00f3metro cero de Calderones grises del Corredor Biol\u00f3gico Mundial\u201d que abarca la zona marina frente a Monta\u00f1a Roja donde hay una poblaci\u00f3n permanente de Calderones grises estimada en 200 espec\u00edmenes aproximadamente, y que esta\u00f1o siendo objeto de estudios y seguimiento con la colaboraci\u00f3n de la Asociaci\u00f3n Calderones Grises de Fuerteventura; y el \u201cKil\u00f3metro cero Geo paleontol\u00f3gico de Ajuy y los yacimientos aleda\u00f1os como el bosque term\u00f3filo del Pico de la Zarza, Cofete y otras \u00e1reas que podr\u00edan tambi\u00e9n incorporarse al Corredor Biol\u00f3gico Mundial.\u00a0<\/p>\n<p>La iniciativa Corredor Biol\u00f3gico Mundial busca coordinar acciones globales entre pa\u00edses, gobiernos, cient\u00edficos e instituciones de todo el planeta para la conservaci\u00f3n de la biodiversidad en los cinco continentes, abordando la p\u00e9rdida de h\u00e1bitats a gran escala.<\/p>\n<\/div>\n","protected":false},"excerpt":{"rendered":"<p>24 octubre, 2025 Lola Garc\u00eda y Marlene Figueroa se re\u00fanen con el responsable del Comit\u00e9 internacional, Jorge Estramiaga, para valorar y definir acciones de protecci\u00f3n e investigaci\u00f3n cient\u00edfica en las [&hellip;]<\/p>\n","protected":false},"author":1,"featured_media":12977,"comment_status":"open","ping_status":"open","sticky":false,"template":"","format":"standard","meta":{"inline_featured_image":false,"jnews-multi-image_gallery":[],"jnews_single_post":[],"jnews_primary_category":[],"jnews_social_meta":[],"jnews_override_counter":[],"jnews_post_split":[],"footnotes":""},"categories":[58],"tags":[82],"class_list":["post-12975","post","type-post","status-publish","format-standard","has-post-thumbnail","hentry","category-cabildo","tag-fuerteventura"],"jetpack_featured_media_url":"https:\/\/informacionlocal.es\/wp-content\/uploads\/2025\/10\/1761313587-7560b7760e520a8e451b76633de441f4.jpg","_links":{"self":[{"href":"https:\/\/informacionlocal.es\/de\/wp-json\/wp\/v2\/posts\/12975","targetHints":{"allow":["GET"]}}],"collection":[{"href":"https:\/\/informacionlocal.es\/de\/wp-json\/wp\/v2\/posts"}],"about":[{"href":"https:\/\/informacionlocal.es\/de\/wp-json\/wp\/v2\/types\/post"}],"author":[{"embeddable":true,"href":"https:\/\/informacionlocal.es\/de\/wp-json\/wp\/v2\/users\/1"}],"replies":[{"embeddable":true,"href":"https:\/\/informacionlocal.es\/de\/wp-json\/wp\/v2\/comments?post=12975"}],"version-history":[{"count":0,"href":"https:\/\/informacionlocal.es\/de\/wp-json\/wp\/v2\/posts\/12975\/revisions"}],"wp:featuredmedia":[{"embeddable":true,"href":"https:\/\/informacionlocal.es\/de\/wp-json\/wp\/v2\/media\/12977"}],"wp:attachment":[{"href":"https:\/\/informacionlocal.es\/de\/wp-json\/wp\/v2\/media?parent=12975"}],"wp:term":[{"taxonomy":"category","embeddable":true,"href":"https:\/\/informacionlocal.es\/de\/wp-json\/wp\/v2\/categories?post=12975"},{"taxonomy":"post_tag","embeddable":true,"href":"https:\/\/informacionlocal.es\/de\/wp-json\/wp\/v2\/tags?post=12975"}],"curies":[{"name":"wp","href":"https:\/\/api.w.org\/{rel}","templated":true}]}}