{"id":12969,"date":"2025-10-25T00:58:41","date_gmt":"2025-10-24T23:58:41","guid":{"rendered":"https:\/\/informacionlocal.es\/el-poeta-benjamin-prado-habla-de-su-amor-por-fuerteventura-en-la-inauguracion-de-la-35-edicion-de-la-feria-del-libro\/"},"modified":"2025-10-25T00:58:41","modified_gmt":"2025-10-24T23:58:41","slug":"el-poeta-benjamin-prado-habla-de-su-amor-por-fuerteventura-en-la-inauguracion-de-la-35-edicion-de-la-feria-del-libro","status":"publish","type":"post","link":"https:\/\/informacionlocal.es\/de\/el-poeta-benjamin-prado-habla-de-su-amor-por-fuerteventura-en-la-inauguracion-de-la-35-edicion-de-la-feria-del-libro\/","title":{"rendered":"El poeta Benjam\u00edn Prado habla de su amor por Fuerteventura en la inauguraci\u00f3n de la 35 edici\u00f3n de la Feria del Libro"},"content":{"rendered":"<div class=\"entry-content\"><strong>23 octubre, 2025<\/strong><\/p>\n<p><em><strong>El poeta, novelista y ensayista defiende la importancia de la literatura por ser \u201cun refugio contra la vida apresurada\u201d<\/strong><\/em><\/p>\n<p>La plaza del Palacio de Formaci\u00f3n y Congresos de Fuerteventura acogi\u00f3 este jueves, d\u00eda 23 de octubre, el acto de apertura oficial de la 35 edici\u00f3n de la Feria del Libro de Fuerteventura. La agenda del encuentro cultural, que se extender\u00e1 hasta el pr\u00f3ximo domingo d\u00eda 26, incluye la participaci\u00f3n de una veintena de autores y arranc\u00f3 con el espect\u00e1culo \u2018Orquesta de malabares\u2019, a cargo de la compa\u00f1\u00eda gallega Pistacatro, Premio Nacional de Circo 2025.<\/p>\n<p>La conferencia inaugural corri\u00f3 a cargo del poeta, novelista y ensayista Benjam\u00edn Prado, cuya obra ha sido publicada en numerosos pa\u00edses y traducida a varios idiomas. En una intervenci\u00f3n a la que bautiz\u00f3 \u2018Qu\u00e9 isla te llevar\u00edas a un libro desierto\u2019, el autor habl\u00f3 de su amor por la isla de Fuerteventura y confes\u00f3 que le gustar\u00eda situar en la Isla una de sus historias.<\/p>\n<p>\u201c\u00bfQu\u00e9 libro te llevar\u00edas a una isla desierta? Bueno, yo s\u00e9 qu\u00e9 islas habitadas me llevar\u00eda a uno de mis libros, para situar en ellas la historia que quisiera contar en mi novela o en mis poemas. \u00bfPodr\u00eda ser ese lugar Fuerteventura? A m\u00ed, la verdad, me encantar\u00eda, porque me enamor\u00e9 de ella a primera vista, como prueba el hecho de que la haya sumado a mi cat\u00e1logo de supersticiones y sitios m\u00e1gicos donde ir a buscar la suerte\u201d, reconoci\u00f3 antes de explicar que nunca se marcha de Puerto del Rosario sin haber \u201ccharlado un rato\u201d con la estatua de Miguel de Unamuno \u201cque siempre me espera junto a la casa en la que vivi\u00f3 desterrado\u201d.<\/p>\n<p>Como no pod\u00eda ser de otra forma, Prado ofreci\u00f3 a los presentes una reflexi\u00f3n sobre la importancia de los libros. \u201cSon una isla, un territorio en el que reina la calma y hay tiempo para pensar, es decir, son un refugio contra esta vida apresurada que nos imponen nuestras sociedades entregadas al v\u00e9rtigo y un espacio donde reflexionar y aprender, o sea, lo opuesto a la inmediatez que nos gobiernan ese grado m\u00ednimo del saber que es estar enterados, saltar de titular en titular sin profundizar en casi nada\u201d, apostill\u00f3.<\/p>\n<p>El autor madrile\u00f1o, que concluy\u00f3 su intervenci\u00f3n recitando el poema \u2018Libro de Familia\u2019, felicit\u00f3 a la Feria del Libro de Fuerteventura por celebrar una nueva edici\u00f3n y record\u00f3 que encuentros como este son \u201cuna fiesta de la inteligencia y de la convivencia: dos personas que han le\u00eddo la misma obra siempre van a tener algo de lo que hablar, por un lado, para compartir la experiencia com\u00fan y por otro para descubrir que cada una ha le\u00eddo un libro diferente, aunque sea el mismo\u201d.<\/p>\n<p>Lola Garc\u00eda destac\u00f3 que, \u201ctras treinta y cinco ediciones, esta feria es el reflejo de un trabajo colectivo entre Cabildo, entidades colaboradoras, autores, autoras y p\u00fablico general: un compromiso sostenido en el tiempo que ha hecho posible que esta feria sea hoy uno de los grandes referentes culturales del Archipi\u00e9lago\u201d.<\/p>\n<p>Este a\u00f1o, prosigui\u00f3 Garc\u00eda, \u201ctenemos el privilegio de contar con un pregonero de lujo: Benjam\u00edn Prado, un autor cuya trayectoria literaria ha enriquecido la narrativa y la poes\u00eda contempor\u00e1nea, y entregamos el Premio Alexis Ravelo a la Asociaci\u00f3n Cultural Ra\u00edz del Pueblo, un colectivo ejemplar que ha defendido la educaci\u00f3n popular, la lectura y la participaci\u00f3n ciudadana desde su municipio\u201d.<\/p>\n<p>En palabras del consejero de Cultura del Cabildo, Rayco Le\u00f3n, \u201cya son 35 a\u00f1os de Feria de Libro de Fuerteventura, y lo celebramos con una edici\u00f3n que cuenta con el mayor n\u00famero de editoriales y librer\u00edas participantes de toda su historia, esperando batir r\u00e9cords tambi\u00e9n de asistentes de visitantes, tanto de escolares como p\u00fablico general\u201d.<\/p>\n<p>El alcalde de Puerto del Rosario, David de Vera, puso en valor un evento que convierte la capital majorera en referente de las letras, como punto de encuentro entre autores y la ciudadan\u00eda, contando el Ayuntamiento con stand propio en la feria.<\/p>\n<p>El viceconsejero de Cultura del Gobierno de Canarias, Horacio Umpi\u00e9rrez, dio la bienvenida a una Feria del Libro de Fuerteventura en la que vamos a celebrar a grandes escritores canarios. El libro est\u00e1 cada vez m\u00e1s en boga, la industria est\u00e1 tirando fuertemente de \u00e9l, se produce gran cantidad de libros con gran variedad de autores\u201d.<\/p>\n<p><strong>Una ma\u00f1ana dedicada a los escolares y un cierre con m\u00fasica<\/strong><\/p>\n<p>Asimismo, el p\u00fablico infantil y juvenil fue el protagonista de la ma\u00f1ana del primer d\u00eda de la Feria del Libro de Fuerteventura, que cont\u00f3 con la participaci\u00f3n de unos 576 escolares en los dos espect\u00e1culos que tuvieron lugar en la Sala Sinf\u00f3nica del Palacio de Formaci\u00f3n y Congresos y la Carpa Josefina Pl\u00e1, respectivamente: \u2018El Quijote\u2019, de la Compa\u00f1\u00eda Tumbalobos; y \u2018Pinocho\u2019, de la Compa\u00f1\u00eda Ultramarinos de Lucas.<\/p>\n<p>La m\u00fasica y la poes\u00eda pusieron el broche de oro a esta primera jornada gracias al espect\u00e1culo \u2018La obra generacional\u2019, el espect\u00e1culo que ofrecieron el conocido cantautor Nacho Vegas y el poeta Rafael Espejo.<\/p>\n<p>La Feria del Libro est\u00e1 organizada por el Centro Bibliotecario Insular, dependiente de la Consejer\u00eda de Cultura del Cabildo de Fuerteventura, y cuenta con la colaboraci\u00f3n del Instituto Canario de Desarrollo Cultural del Gobierno de Canarias.<\/p>\n<\/div>\n","protected":false},"excerpt":{"rendered":"<p>23 octubre, 2025 El poeta, novelista y ensayista defiende la importancia de la literatura por ser \u201cun refugio contra la vida apresurada\u201d La plaza del Palacio de Formaci\u00f3n y Congresos [&hellip;]<\/p>\n","protected":false},"author":1,"featured_media":12971,"comment_status":"open","ping_status":"open","sticky":false,"template":"","format":"standard","meta":{"inline_featured_image":false,"jnews-multi-image_gallery":[],"jnews_single_post":[],"jnews_primary_category":[],"jnews_social_meta":[],"jnews_override_counter":[],"jnews_post_split":[],"footnotes":""},"categories":[58],"tags":[73,82],"class_list":["post-12969","post","type-post","status-publish","format-standard","has-post-thumbnail","hentry","category-cabildo","tag-educacion","tag-fuerteventura"],"jetpack_featured_media_url":"https:\/\/informacionlocal.es\/wp-content\/uploads\/2025\/10\/1761290776-6c19f38736321be0cd62ac2da09b705c.jpg","_links":{"self":[{"href":"https:\/\/informacionlocal.es\/de\/wp-json\/wp\/v2\/posts\/12969","targetHints":{"allow":["GET"]}}],"collection":[{"href":"https:\/\/informacionlocal.es\/de\/wp-json\/wp\/v2\/posts"}],"about":[{"href":"https:\/\/informacionlocal.es\/de\/wp-json\/wp\/v2\/types\/post"}],"author":[{"embeddable":true,"href":"https:\/\/informacionlocal.es\/de\/wp-json\/wp\/v2\/users\/1"}],"replies":[{"embeddable":true,"href":"https:\/\/informacionlocal.es\/de\/wp-json\/wp\/v2\/comments?post=12969"}],"version-history":[{"count":0,"href":"https:\/\/informacionlocal.es\/de\/wp-json\/wp\/v2\/posts\/12969\/revisions"}],"wp:featuredmedia":[{"embeddable":true,"href":"https:\/\/informacionlocal.es\/de\/wp-json\/wp\/v2\/media\/12971"}],"wp:attachment":[{"href":"https:\/\/informacionlocal.es\/de\/wp-json\/wp\/v2\/media?parent=12969"}],"wp:term":[{"taxonomy":"category","embeddable":true,"href":"https:\/\/informacionlocal.es\/de\/wp-json\/wp\/v2\/categories?post=12969"},{"taxonomy":"post_tag","embeddable":true,"href":"https:\/\/informacionlocal.es\/de\/wp-json\/wp\/v2\/tags?post=12969"}],"curies":[{"name":"wp","href":"https:\/\/api.w.org\/{rel}","templated":true}]}}