{"id":12963,"date":"2025-10-24T23:58:25","date_gmt":"2025-10-24T22:58:25","guid":{"rendered":"https:\/\/informacionlocal.es\/el-ayuntamiento-de-pajara-da-luz-verde-a-la-remodelacion-integral-de-la-plaza-tagoror-y-la-plaza-de-los-ganaderos\/"},"modified":"2025-10-24T23:58:25","modified_gmt":"2025-10-24T22:58:25","slug":"el-ayuntamiento-de-pajara-da-luz-verde-a-la-remodelacion-integral-de-la-plaza-tagoror-y-la-plaza-de-los-ganaderos","status":"publish","type":"post","link":"https:\/\/informacionlocal.es\/de\/el-ayuntamiento-de-pajara-da-luz-verde-a-la-remodelacion-integral-de-la-plaza-tagoror-y-la-plaza-de-los-ganaderos\/","title":{"rendered":"El Ayuntamiento de P\u00e1jara da luz verde a la remodelaci\u00f3n integral de la plaza Tagoror y la plaza de Los Ganaderos\u00a0"},"content":{"rendered":"<div class=\"entry-content\">\n<p><b><i>El proyecto, con una inversi\u00f3n superior a quince millones de euros, incluir\u00e1 un centro cultural, zonas verdes y un aparcamiento subterr\u00e1neo de 196 plazas<\/i><\/b><\/p>\n<p><span>El Ayuntamiento de P\u00e1jara ha firmado el acta de inicio de las obras de remodelaci\u00f3n integral de la plaza Tagoror y la plaza de los Ganaderos, en Morro Jable, uno de los proyectos urban\u00edsticos m\u00e1s ambiciosos de los \u00faltimos 25 a\u00f1os en el municipio.\u00a0<\/span><\/p>\n<p><span>La firma cont\u00f3 con la presencia del alcalde de P\u00e1jara, Alejandro Jorge, el primer teniente de alcalde y concejal de Obras, Alexis Alonso, y el concejal de Tr\u00e1fico, Raimundo Dacosta, junto a los responsables de la empresa adjudicataria. Con una inversi\u00f3n superior a los quince millones de euros y un plazo de ejecuci\u00f3n estimado de 26 meses, el proyecto convertir\u00e1 este enclave en un referente de accesibilidad y sostenibilidad.\u00a0<\/span><\/p>\n<p><span>Alexis Alonso subray\u00f3 que esta actuaci\u00f3n representa una transformaci\u00f3n integral del entorno urbano. \u201cLa remodelaci\u00f3n abarca desde la reurbanizaci\u00f3n de calles y plazas hasta la creaci\u00f3n de un gran espacio verde que conectar\u00e1 todo el n\u00facleo central de Morro Jable, un Centro Dotacional Integrado y un aparcamiento subterr\u00e1neo de 196 plazas\u201d.\u00a0\u00a0<\/span><\/p>\n<p><span>Por su parte, el alcalde Alejandro Jorge destac\u00f3 la trascendencia de este momento para el municipio. \u201cEste proyecto simboliza el compromiso de este Ayuntamiento con un desarrollo moderno, inclusivo y pensado para mejorar la calidad de vida de nuestros vecinos y vecinas\u201d.\u00a0<\/span><\/p>\n<p><span>El concejal de Tr\u00e1fico, Raimundo Dacosta, se\u00f1al\u00f3 la relevancia de esta actuaci\u00f3n en materia de movilidad. \u201cDurante el transcurso de las obras se habilitar\u00e1n aparcamientos provisionales en diferentes puntos de la zona, con el objetivo de minimizar las molestias y garantizar que los vecinos, vecinas y visitantes dispongan de alternativas\u201d.\u00a0<\/span><\/p>\n<p><span>La financiaci\u00f3n de esta importante actuaci\u00f3n contar\u00e1 con aportaciones del Fondo de Desarrollo de Canarias (FDCAN) y el Cabildo de Fuerteventura, en colaboraci\u00f3n con el Ayuntamiento de P\u00e1jara. Desde la corporaci\u00f3n municipal se reconoce la implicaci\u00f3n de la instituci\u00f3n insular en este proyecto, destacando la importancia del trabajo conjunto entre administraciones para llevar a cabo este proyecto. <\/span><\/p>\n<\/div>\n","protected":false},"excerpt":{"rendered":"<p><i>El proyecto, con una inversi\u00f3n superior a quince millones de euros, incluir\u00e1 un centro cultural, zonas verdes y un aparcamiento subterr\u00e1neo de 196 plazas<\/i><\/p>\n","protected":false},"author":1,"featured_media":12965,"comment_status":"open","ping_status":"open","sticky":false,"template":"","format":"standard","meta":{"inline_featured_image":false,"jnews-multi-image_gallery":[],"jnews_single_post":[],"jnews_primary_category":[],"jnews_social_meta":[],"jnews_override_counter":[],"jnews_post_split":[],"footnotes":""},"categories":[63],"tags":[82],"class_list":["post-12963","post","type-post","status-publish","format-standard","has-post-thumbnail","hentry","category-pajara","tag-fuerteventura"],"jetpack_featured_media_url":"https:\/\/informacionlocal.es\/wp-content\/uploads\/2025\/10\/firma-de-acta.png","_links":{"self":[{"href":"https:\/\/informacionlocal.es\/de\/wp-json\/wp\/v2\/posts\/12963","targetHints":{"allow":["GET"]}}],"collection":[{"href":"https:\/\/informacionlocal.es\/de\/wp-json\/wp\/v2\/posts"}],"about":[{"href":"https:\/\/informacionlocal.es\/de\/wp-json\/wp\/v2\/types\/post"}],"author":[{"embeddable":true,"href":"https:\/\/informacionlocal.es\/de\/wp-json\/wp\/v2\/users\/1"}],"replies":[{"embeddable":true,"href":"https:\/\/informacionlocal.es\/de\/wp-json\/wp\/v2\/comments?post=12963"}],"version-history":[{"count":0,"href":"https:\/\/informacionlocal.es\/de\/wp-json\/wp\/v2\/posts\/12963\/revisions"}],"wp:featuredmedia":[{"embeddable":true,"href":"https:\/\/informacionlocal.es\/de\/wp-json\/wp\/v2\/media\/12965"}],"wp:attachment":[{"href":"https:\/\/informacionlocal.es\/de\/wp-json\/wp\/v2\/media?parent=12963"}],"wp:term":[{"taxonomy":"category","embeddable":true,"href":"https:\/\/informacionlocal.es\/de\/wp-json\/wp\/v2\/categories?post=12963"},{"taxonomy":"post_tag","embeddable":true,"href":"https:\/\/informacionlocal.es\/de\/wp-json\/wp\/v2\/tags?post=12963"}],"curies":[{"name":"wp","href":"https:\/\/api.w.org\/{rel}","templated":true}]}}