{"id":1294,"date":"2025-04-11T02:26:05","date_gmt":"2025-04-11T02:26:05","guid":{"rendered":"https:\/\/informacionlocal.es\/tuineje-schliesst-die-kommunalen-einrichtungen-aufgrund-des-wind-und-kuestenphaenomens-alarm\/"},"modified":"2025-04-14T10:04:15","modified_gmt":"2025-04-14T10:04:15","slug":"tuineje-schliesst-die-kommunalen-einrichtungen-aufgrund-des-wind-und-kuestenphaenomens-alarm","status":"publish","type":"post","link":"https:\/\/informacionlocal.es\/de\/tuineje-schliesst-die-kommunalen-einrichtungen-aufgrund-des-wind-und-kuestenphaenomens-alarm\/","title":{"rendered":"Tuineje schlie\u00dft die kommunalen Einrichtungen aufgrund des Wind- und K\u00fcstenph\u00e4nomens Alarm."},"content":{"rendered":"<div class=\"article-content-inner\">\n<p>Angesichts der Aktivierung des territorialen Insel-Notfallplans des Katastrophenschutzes der Insel Fuerteventura in ALERT-Situation, ab 00:00 Uhr des 3. April 2025, aufgrund der Vorhersage von starken Winden und anderen ung\u00fcnstigen Wetterph\u00e4nomenen, hat der Stadtrat von Tuineje beschlossen, mit der Schlie\u00dfung aller Sport- und Gemeindeeinrichtungen bis auf weiteres fortzufahren.<\/p>\n<p>Diese Pr\u00e4ventivma\u00dfnahme zielt darauf ab, die Sicherheit der Bev\u00f6lkerung zu gew\u00e4hrleisten und m\u00f6gliche Zwischenf\u00e4lle aufgrund schlechter Wetterbedingungen zu vermeiden. Die \u00d6ffentlichkeit wird gebeten, \u00e4u\u00dferste Vorsicht walten zu lassen und die nachstehenden Hinweise zu beachten: <\/p>\n<ul class=\"wp-block-list\">\n<li>Schlie\u00dfen Sie T\u00fcren und Fenster, um Windb\u00f6en und m\u00f6gliche Sch\u00e4den zu vermeiden.<\/li>\n<li>Entfernen Sie Gegenst\u00e4nde von Balkonen und Terrassen, die durch den Wind verschoben werden k\u00f6nnen.<\/li>\n<li>Vermeiden Sie das Fahren in Bereichen mit B\u00e4umen, Ger\u00fcsten oder zusammenbrechenden Strukturen.<\/li>\n<li>Schr\u00e4nken Sie die Fahrt ein und fahren Sie, wenn n\u00f6tig, \u00e4u\u00dferst vorsichtig.<\/li>\n<li>Halten Sie sich von der K\u00fcste und maritimen Gebieten fern und meiden Sie Strandpromenaden und Wellenbrecher.<\/li>\n<li>Informieren Sie sich \u00fcber die offiziellen Kan\u00e4le des Stadtrats und die Medien.<\/li>\n<\/ul>\n<p>Die Gemeinde Tuineje steht weiterhin in Kontakt mit den zust\u00e4ndigen Beh\u00f6rden und Rettungsdiensten, um die Entwicklung der Situation zu bewerten und die erforderlichen Ma\u00dfnahmen zu ergreifen.<\/p>\n<p>Die Bev\u00f6lkerung wird daran erinnert, dass sie in Notf\u00e4llen die Nummer 1-1-2 kontaktieren kann.<\/p>\n<\/div>\n","protected":false},"excerpt":{"rendered":"<p>Angesichts der Aktivierung des territorialen Insel-Notfallplans des Katastrophenschutzes der Insel Fuerteventura in ALERT-Situation, ab 00:00 Uhr des 3. April 2025, aufgrund der Vorhersage von starken Winden und anderen ung\u00fcnstigen Wetterph\u00e4nomenen, [&hellip;]<\/p>\n","protected":false},"author":1,"featured_media":792,"comment_status":"open","ping_status":"open","sticky":false,"template":"","format":"standard","meta":{"inline_featured_image":false,"jnews-multi-image_gallery":[],"jnews_single_post":[],"jnews_primary_category":[],"jnews_social_meta":[],"jnews_override_counter":[],"jnews_post_split":[],"footnotes":""},"categories":[299],"tags":[216,196,197,199,218],"class_list":["post-1294","post","type-post","status-publish","format-standard","has-post-thumbnail","hentry","category-tuineje-de","tag-fuerteventura-de","tag-gemeinden","tag-offentliche-dienste","tag-umwelt","tag-verordnungen"],"jetpack_featured_media_url":"https:\/\/informacionlocal.es\/wp-content\/uploads\/2025\/04\/formacion-borrasca-nuria-este-jueves-dara-lugar-rachas-viento-muy-fuertes-canarias_97-jpg.webp","_links":{"self":[{"href":"https:\/\/informacionlocal.es\/de\/wp-json\/wp\/v2\/posts\/1294","targetHints":{"allow":["GET"]}}],"collection":[{"href":"https:\/\/informacionlocal.es\/de\/wp-json\/wp\/v2\/posts"}],"about":[{"href":"https:\/\/informacionlocal.es\/de\/wp-json\/wp\/v2\/types\/post"}],"author":[{"embeddable":true,"href":"https:\/\/informacionlocal.es\/de\/wp-json\/wp\/v2\/users\/1"}],"replies":[{"embeddable":true,"href":"https:\/\/informacionlocal.es\/de\/wp-json\/wp\/v2\/comments?post=1294"}],"version-history":[{"count":1,"href":"https:\/\/informacionlocal.es\/de\/wp-json\/wp\/v2\/posts\/1294\/revisions"}],"predecessor-version":[{"id":1696,"href":"https:\/\/informacionlocal.es\/de\/wp-json\/wp\/v2\/posts\/1294\/revisions\/1696"}],"wp:featuredmedia":[{"embeddable":true,"href":"https:\/\/informacionlocal.es\/de\/wp-json\/wp\/v2\/media\/792"}],"wp:attachment":[{"href":"https:\/\/informacionlocal.es\/de\/wp-json\/wp\/v2\/media?parent=1294"}],"wp:term":[{"taxonomy":"category","embeddable":true,"href":"https:\/\/informacionlocal.es\/de\/wp-json\/wp\/v2\/categories?post=1294"},{"taxonomy":"post_tag","embeddable":true,"href":"https:\/\/informacionlocal.es\/de\/wp-json\/wp\/v2\/tags?post=1294"}],"curies":[{"name":"wp","href":"https:\/\/api.w.org\/{rel}","templated":true}]}}