{"id":12931,"date":"2025-10-24T19:58:38","date_gmt":"2025-10-24T18:58:38","guid":{"rendered":"https:\/\/informacionlocal.es\/el-ayuntamiento-de-pajara-presenta-mas-de-20-actividades-para-la-dinamizacion-del-comercio-local\/"},"modified":"2025-10-24T19:58:38","modified_gmt":"2025-10-24T18:58:38","slug":"el-ayuntamiento-de-pajara-presenta-mas-de-20-actividades-para-la-dinamizacion-del-comercio-local","status":"publish","type":"post","link":"https:\/\/informacionlocal.es\/de\/el-ayuntamiento-de-pajara-presenta-mas-de-20-actividades-para-la-dinamizacion-del-comercio-local\/","title":{"rendered":"El Ayuntamiento de P\u00e1jara presenta m\u00e1s de 20 actividades para la dinamizaci\u00f3n del comercio local"},"content":{"rendered":"<div class=\"entry-content\">\n<p>\u00a0<\/p>\n<p><b>\u00a0<\/b><b><i>El plan contempla una inversi\u00f3n superior a 200.000 euros anuales para fortalecer el comercio local y dinamizar la econom\u00eda del municipio.\u00a0<\/i><\/b><\/p>\n<p><b>24 de octubre de 2025<\/b><span>.- En la ma\u00f1ana de hoy, el alcalde de P\u00e1jara, Alejandro Jorge, el primer teniente de alcalde, Alexis Alonso, y el concejal de Comercio, Juan Jos\u00e9 Viera, han presentado la programaci\u00f3n de actividades de la Concejal\u00eda de Comercio y Mercados\u00a0 que se desarrollar\u00e1 hasta el a\u00f1o 2027, con una inversi\u00f3n superior a los 200.000 euros anuales destinada a impulsar el comercio local, fomentar el consumo y ofrecer nuevas oportunidades tanto a los comerciantes como a vecinos y vecinas.\u00a0<\/span><\/p>\n<p><span>Durante cada a\u00f1o, la Concejal\u00eda ha previsto la celebraci\u00f3n de doce Mercados de Oportunidades, uno cada mes, con el objetivo de ofrecer a los comercios locales un escaparate adicional para la venta de productos. Estos mercados se consolidan como una cita habitual en el calendario comercial del municipio.\u00a0<\/span><\/p>\n<p><span>Adem\u00e1s, la programaci\u00f3n incluye otras actividades y eventos especiales a lo largo del a\u00f1o, entre los que se encuentran San Valent\u00edn, el d\u00eda de la Familia, el d\u00eda del Padre, el d\u00eda de la Madre, el Oktoberfest, Halloween, el Black Friday, el Mercado Navide\u00f1o, la pista de hielo, el Desfile de Pap\u00e1 Noel y la Navidad en los Pueblos.\u00a0<\/span><\/p>\n<p><span>El concejal Juan Jos\u00e9 Viera se\u00f1ala que esta programaci\u00f3n \u201crefuerza la estrategia municipal de apoyo al peque\u00f1o comercio y que mantienen viva la actividad comercial durante todo el a\u00f1o\u201d. Adem\u00e1s, el concejal a\u00f1ade que \u201cqueremos seguir ofreciendo oportunidades a nuestros comerciantes y, al mismo tiempo, crear experiencias que atraigan a vecinos, vecinas y visitantes a nuestras calles\u201d.\u00a0<\/span><\/p>\n<p><span>El primer teniente de alcalde, Alexis Alonso, subraya que \u201cel trabajo conjunto entre concejal\u00edas y el sector comercial nos permite poder ofrecer una programaci\u00f3n diversa y de calidad, que beneficia directamente el tejido empresarial y a la ciudadan\u00eda\u201d\u00a0<\/span><\/p>\n<p><span>Por su parte, el alcalde Alejandro Jorge destaca el valor social y econ\u00f3mico de esta programaci\u00f3n. \u201cDesde el Ayuntamiento trabajamos para ofrecer un marco estable que favorezca la actividad econ\u00f3mica, potencie el comercio local y contribuya a la creaci\u00f3n de nuevas oportunidades\u201d.\u00a0<\/span><\/p>\n<p><span>La Concejal\u00eda de Comercio y Mercados invita a toda la ciudadan\u00eda a disfrutar de las distintas actividades programadas y a seguir apostando por el comercio local. <\/span><\/p>\n<\/div>\n","protected":false},"excerpt":{"rendered":"<p><i>El plan contempla una inversi\u00f3n superior a 200.000 euros anuales para fortalecer el comercio local y dinamizar la econom\u00eda del municipio.\u00a0<\/i><\/p>\n","protected":false},"author":1,"featured_media":12933,"comment_status":"open","ping_status":"open","sticky":false,"template":"","format":"standard","meta":{"inline_featured_image":false,"jnews-multi-image_gallery":[],"jnews_single_post":[],"jnews_primary_category":[],"jnews_social_meta":[],"jnews_override_counter":[],"jnews_post_split":[],"footnotes":""},"categories":[63],"tags":[69],"class_list":["post-12931","post","type-post","status-publish","format-standard","has-post-thumbnail","hentry","category-pajara","tag-eventos"],"jetpack_featured_media_url":"https:\/\/informacionlocal.es\/wp-content\/uploads\/2025\/10\/comercio.png","_links":{"self":[{"href":"https:\/\/informacionlocal.es\/de\/wp-json\/wp\/v2\/posts\/12931","targetHints":{"allow":["GET"]}}],"collection":[{"href":"https:\/\/informacionlocal.es\/de\/wp-json\/wp\/v2\/posts"}],"about":[{"href":"https:\/\/informacionlocal.es\/de\/wp-json\/wp\/v2\/types\/post"}],"author":[{"embeddable":true,"href":"https:\/\/informacionlocal.es\/de\/wp-json\/wp\/v2\/users\/1"}],"replies":[{"embeddable":true,"href":"https:\/\/informacionlocal.es\/de\/wp-json\/wp\/v2\/comments?post=12931"}],"version-history":[{"count":0,"href":"https:\/\/informacionlocal.es\/de\/wp-json\/wp\/v2\/posts\/12931\/revisions"}],"wp:featuredmedia":[{"embeddable":true,"href":"https:\/\/informacionlocal.es\/de\/wp-json\/wp\/v2\/media\/12933"}],"wp:attachment":[{"href":"https:\/\/informacionlocal.es\/de\/wp-json\/wp\/v2\/media?parent=12931"}],"wp:term":[{"taxonomy":"category","embeddable":true,"href":"https:\/\/informacionlocal.es\/de\/wp-json\/wp\/v2\/categories?post=12931"},{"taxonomy":"post_tag","embeddable":true,"href":"https:\/\/informacionlocal.es\/de\/wp-json\/wp\/v2\/tags?post=12931"}],"curies":[{"name":"wp","href":"https:\/\/api.w.org\/{rel}","templated":true}]}}