{"id":12895,"date":"2025-10-24T13:58:51","date_gmt":"2025-10-24T12:58:51","guid":{"rendered":"https:\/\/informacionlocal.es\/record-historico-de-escolares-en-la-35a-feria-del-libro-de-fuerteventura-con-casi-3-000-escolares\/"},"modified":"2025-10-24T13:58:51","modified_gmt":"2025-10-24T12:58:51","slug":"record-historico-de-escolares-en-la-35a-feria-del-libro-de-fuerteventura-con-casi-3-000-escolares","status":"publish","type":"post","link":"https:\/\/informacionlocal.es\/de\/record-historico-de-escolares-en-la-35a-feria-del-libro-de-fuerteventura-con-casi-3-000-escolares\/","title":{"rendered":"R\u00e9cord hist\u00f3rico de escolares en la 35\u00aa Feria del Libro de Fuerteventura con casi 3.000 escolares"},"content":{"rendered":"<div class=\"entry-content\"><strong>24 octubre, 2025<\/strong><\/p>\n<p><strong><em>Tres d\u00edas de actividades, narraciones orales y espect\u00e1culos<br \/>\nacercan la literatura a los m\u00e1s j\u00f3venes en las dos sedes del Centro<br \/>\nBibliotecario Insular<\/em><\/strong><\/p>\n<p>La 35\u00aa edici\u00f3n de la Feria del Libro de Fuerteventura ha reunido a<br \/>\ncasi 3.000 estudiantes procedentes de distintos centros educativos de primaria<br \/>\ny secundaria de toda la isla en una semana dedicada a la lectura, la<br \/>\nimaginaci\u00f3n y la creatividad. La Feria del Libro alcanza as\u00ed una cifra r\u00e9cords,<br \/>\ncon una variada programaci\u00f3n que se ha desarrollado en las dos sedes del Centro<br \/>\nBibliotecario Insular.<\/p>\n<p>Tanto la presidenta del Cabildo de Fuerteventura, Lola Garc\u00eda,<br \/>\ncomo el consejero de Cultura, Rayco Le\u00f3n, han destacado la vertiente educativa<br \/>\nde la feria, con actividades para escolares y familias, como uno de sus<br \/>\nfactores fundamentales. \u201cLa educaci\u00f3n es uno de los motores b\u00e1sicos para el<br \/>\ndesarrollo y el germen necesario para que esta feria se mantenga en el tiempo\u201d,<br \/>\nresalt\u00f3 la presidenta.<\/p>\n<p>El consejero Rayco Le\u00f3n agradece, adem\u00e1s, la coordinaci\u00f3n con el<br \/>\n\u00e1rea de Educaci\u00f3n, que dirige Adargoma Hern\u00e1ndez, para la asistencia de los<br \/>\nescolares durante la feria.<\/p>\n<p>Este a\u00f1o, parte de la programaci\u00f3n se traslad\u00f3 a la Biblioteca de<br \/>\nGran Tarajal, donde asistieron escolares del CEIP Cristobal Garc\u00eda Blairzy y<br \/>\nCEIP Gran Tarajal, quienes disfrutaron el mi\u00e9rcoles de una jornada de narraci\u00f3n<br \/>\noral con Cristina Quesada y Juan Carlos Toste.<\/p>\n<p>La programaci\u00f3n contin\u00fao el jueves en el Palacio de Formaci\u00f3n y<br \/>\nCongresos con los espect\u00e1culos teatrales \u2018El Quijote\u2019 a cargo de la compa\u00f1\u00eda<br \/>\nTumbalobos, en la que particip\u00f3 alumnado del IES Puerto del Rosario, IES Santo<br \/>\nTom\u00e1s de Aquino, CEO Antigua, IES Vig\u00e1n e IES Jand\u00eda. La carpa Josefina Pl\u00e1 de<br \/>\nla feria recibi\u00f3\u00b4, adem\u00e1s, a escolares del CEIP Ampuyenta, CEIP Casillas del<br \/>\n\u00c1ngel y CEO Antigua, que asistieron a la obra \u2018Pinocho\u2019, interpretado por<br \/>\nUltramarinos de Lucas, acercando este cl\u00e1sico de la literatura a los m\u00e1s<br \/>\nj\u00f3venes con humor, ritmo y creatividad esc\u00e9nica.<\/p>\n<p>La feria cerr\u00f3 sus actividades escolares este viernes, 24 de<br \/>\noctubre, con una jornada repleta de propuestas como \u2018La hora del cuento\u2019 de<br \/>\nCristina Quesada, el espect\u00e1culo \u2018BUNJI, la peque\u00f1a koala\u2019 de Fustec Teatre,<br \/>\n\u2018Cocinando cuentos\u2019 con Juan Carlos Toste y la sesi\u00f3n de narraci\u00f3n oral<br \/>\n\u2018Kamufara y otros cuentos\u2019 con GemaGe. En esta \u00faltima jornada estuvieron<br \/>\npresentes los CEIP Pablo Neruda, Puerto del Rosario, Agust\u00edn Millares Carl\u00f3, La<br \/>\nHubara, Puerto Cabras, Francisca P\u00e9rez, Villaverde, El Castillo, Anto\u00f1ito El<br \/>\nFarero, El Tost\u00f3n, Matorral, Lajares, La Oliva, Bernab\u00e9 Figueroa, y Parque<br \/>\nNatural Corralejo.<\/p>\n<p>Las actividades han contado, tambi\u00e9n, con la asistencia de Adivia<br \/>\ny el centro Diferentes e Iguales.<\/p>\n<\/div>\n","protected":false},"excerpt":{"rendered":"<p>24 octubre, 2025 Tres d\u00edas de actividades, narraciones orales y espect\u00e1culos acercan la literatura a los m\u00e1s j\u00f3venes en las dos sedes del Centro Bibliotecario Insular La 35\u00aa edici\u00f3n de [&hellip;]<\/p>\n","protected":false},"author":1,"featured_media":12897,"comment_status":"open","ping_status":"open","sticky":false,"template":"","format":"standard","meta":{"inline_featured_image":false,"jnews-multi-image_gallery":[],"jnews_single_post":[],"jnews_primary_category":[],"jnews_social_meta":[],"jnews_override_counter":[],"jnews_post_split":[],"footnotes":""},"categories":[58],"tags":[73,82],"class_list":["post-12895","post","type-post","status-publish","format-standard","has-post-thumbnail","hentry","category-cabildo","tag-educacion","tag-fuerteventura"],"jetpack_featured_media_url":"https:\/\/informacionlocal.es\/wp-content\/uploads\/2025\/10\/1761308826-a1064b56a6c28234803c3bee7b1a3f88-1.jpg","_links":{"self":[{"href":"https:\/\/informacionlocal.es\/de\/wp-json\/wp\/v2\/posts\/12895","targetHints":{"allow":["GET"]}}],"collection":[{"href":"https:\/\/informacionlocal.es\/de\/wp-json\/wp\/v2\/posts"}],"about":[{"href":"https:\/\/informacionlocal.es\/de\/wp-json\/wp\/v2\/types\/post"}],"author":[{"embeddable":true,"href":"https:\/\/informacionlocal.es\/de\/wp-json\/wp\/v2\/users\/1"}],"replies":[{"embeddable":true,"href":"https:\/\/informacionlocal.es\/de\/wp-json\/wp\/v2\/comments?post=12895"}],"version-history":[{"count":0,"href":"https:\/\/informacionlocal.es\/de\/wp-json\/wp\/v2\/posts\/12895\/revisions"}],"wp:featuredmedia":[{"embeddable":true,"href":"https:\/\/informacionlocal.es\/de\/wp-json\/wp\/v2\/media\/12897"}],"wp:attachment":[{"href":"https:\/\/informacionlocal.es\/de\/wp-json\/wp\/v2\/media?parent=12895"}],"wp:term":[{"taxonomy":"category","embeddable":true,"href":"https:\/\/informacionlocal.es\/de\/wp-json\/wp\/v2\/categories?post=12895"},{"taxonomy":"post_tag","embeddable":true,"href":"https:\/\/informacionlocal.es\/de\/wp-json\/wp\/v2\/tags?post=12895"}],"curies":[{"name":"wp","href":"https:\/\/api.w.org\/{rel}","templated":true}]}}