{"id":12875,"date":"2025-10-24T10:59:46","date_gmt":"2025-10-24T09:59:46","guid":{"rendered":"https:\/\/informacionlocal.es\/medio-ambiente-de-la-oliva-acciona-por-primera-vez-a-la-vivienda-vacacional-del-municipio-para-difundir-las-buenas-practicas-ambientales-entre-los-turistas\/"},"modified":"2025-10-24T10:59:46","modified_gmt":"2025-10-24T09:59:46","slug":"medio-ambiente-de-la-oliva-acciona-por-primera-vez-a-la-vivienda-vacacional-del-municipio-para-difundir-las-buenas-practicas-ambientales-entre-los-turistas","status":"publish","type":"post","link":"https:\/\/informacionlocal.es\/de\/medio-ambiente-de-la-oliva-acciona-por-primera-vez-a-la-vivienda-vacacional-del-municipio-para-difundir-las-buenas-practicas-ambientales-entre-los-turistas\/","title":{"rendered":"Medio Ambiente de La Oliva acciona, por primera vez, a la vivienda vacacional del municipio para difundir las buenas pr\u00e1cticas ambientales entre los turistas"},"content":{"rendered":"<p>Gu\u00eda de buenas pr\u00e1cticas ambientales y gesti\u00f3n entre sector p\u00fablico \u2013 privado. As\u00ed es la estrategia seguida por el Ayuntamiento de La Oliva, a trav\u00e9s de la Concejal\u00eda de Turismo y Medio Ambiente, que dirige David Fajardo, para involucrar a los propietarios de la vivienda vacacional en la implementaci\u00f3n de una hoja de ruta que tiene como fin el cuidado del entorno del municipio. Bajo esta premisa, el Consistorio trabaja en la difusi\u00f3n del QR sobre las buenas pr\u00e1cticas ambientales en varios idiomas destinadas al sector tur\u00edstico privado. <\/p>\n<p>Este trabajo que se desarrolla, por primera vez, entre Consistorio y vivienda vacacional cuenta con una respuesta positiva por parte del sector privado, quien se suma a este planteamiento de cuidado y conciencia con el entorno del medio natural, una idea sobre la que se viene trabajando desde comienzo de legislatura. <\/p>\n<p>El alcalde de La Oliva, Isa\u00ed Blanco, pone de relieve: \u201cNuestra principal prioridad es hacer que el turismo que nos visita sea m\u00e1s consciente con el entorno natural que le rodea. Este sector supone, sin duda, un punto vital dentro de nuestro desarrollo econ\u00f3mico como municipio y como Isla, sin embargo, no puede ser a cualquier coste. Desde el Ayuntamiento seguiremos impulsando todas aquellas acciones que promulguen un turismo responsable, de manera que el turista disfrute de su destino de vacaciones, sin olvidar que este para\u00edso natural es el hogar de muchos vecinos y vecinas.\u201d <\/p>\n<p>Adem\u00e1s, el concejal de Turismo y Medio Ambiente, David Fajardo explica: \u201cNuestro objetivo no es otro que asegurar el cuidado de nuestros paisajes, nuestro bien m\u00e1s preciado. Ya son varias las colaboraciones desarrolladas con el sector privado y, tras los resultados positivos de participaci\u00f3n por parte de hoteles y otras empresas, desde la Concejal\u00eda consideramos fundamental hacer part\u00edcipes, por primera vez, a las viviendas vacacionales.\u201d<\/p>\n<p>A todo ello se suma el trabajo realizado a trav\u00e9s de la educaci\u00f3n ambiental, la principal labor de los gu\u00edas ambientales: \u201cSabemos que el cambio de la consciencia colectiva pasa por la educaci\u00f3n ambiental. Por eso, para nosotros es una labor necesaria, que tratamos de impulsar a trav\u00e9s de charlas, talleres y excursiones realizadas por nuestros gu\u00edas ambientales. Con este QR traducido a diferentes idiomas y que se colocar\u00e1 de forma visible en el alojamiento, difundimos de forma clara y sencilla las ideas esenciales sobre el cuidado del medio natural para que los turistas disfruten del municipio sin dejar huella en nuestro paisaje\u201d manifiesta Fajardo. <\/p>\n<p>Esta estrategia responde al compromiso del gobierno local de poner en conocimiento las buenas pr\u00e1cticas ambientales al mayor n\u00famero de turistas posibles. Un planteamiento que impacta en diferentes escalas, comenzando con el trabajo directo con los turoperadores y pasando por el aeropuerto, taxistas y establecimientos tur\u00edsticos, hasta llegar al campo. Ya sobre el medio natural se impacta a trav\u00e9s de una se\u00f1al\u00e9tica espec\u00edfica que recuerde, una vez m\u00e1s, estas ideas sobre el cuidado del medio ambiente. Una visi\u00f3n integral que contempla, adem\u00e1s, la educaci\u00f3n y la difusi\u00f3n en redes sociales, con el fin de alcanzar las diferentes \u00e1reas que conciernen al turismo en el municipio.<\/p>\n","protected":false},"excerpt":{"rendered":"<p><span>El objetivo es continuar marcando la hoja de ruta con el fin de que se asegure la difusi\u00f3n de las buenas pr\u00e1cticas ambientales entre los clientes del sector tur\u00edstico privado<\/span><\/p>\n","protected":false},"author":1,"featured_media":12877,"comment_status":"open","ping_status":"open","sticky":false,"template":"","format":"standard","meta":{"inline_featured_image":false,"jnews-multi-image_gallery":[],"jnews_single_post":[],"jnews_primary_category":[],"jnews_social_meta":[],"jnews_override_counter":[],"jnews_post_split":[],"footnotes":""},"categories":[62],"tags":[73,76],"class_list":["post-12875","post","type-post","status-publish","format-standard","has-post-thumbnail","hentry","category-la-oliva","tag-educacion","tag-medio-ambiente"],"jetpack_featured_media_url":"https:\/\/informacionlocal.es\/wp-content\/uploads\/2025\/10\/5265_50f4366f.png","_links":{"self":[{"href":"https:\/\/informacionlocal.es\/de\/wp-json\/wp\/v2\/posts\/12875","targetHints":{"allow":["GET"]}}],"collection":[{"href":"https:\/\/informacionlocal.es\/de\/wp-json\/wp\/v2\/posts"}],"about":[{"href":"https:\/\/informacionlocal.es\/de\/wp-json\/wp\/v2\/types\/post"}],"author":[{"embeddable":true,"href":"https:\/\/informacionlocal.es\/de\/wp-json\/wp\/v2\/users\/1"}],"replies":[{"embeddable":true,"href":"https:\/\/informacionlocal.es\/de\/wp-json\/wp\/v2\/comments?post=12875"}],"version-history":[{"count":0,"href":"https:\/\/informacionlocal.es\/de\/wp-json\/wp\/v2\/posts\/12875\/revisions"}],"wp:featuredmedia":[{"embeddable":true,"href":"https:\/\/informacionlocal.es\/de\/wp-json\/wp\/v2\/media\/12877"}],"wp:attachment":[{"href":"https:\/\/informacionlocal.es\/de\/wp-json\/wp\/v2\/media?parent=12875"}],"wp:term":[{"taxonomy":"category","embeddable":true,"href":"https:\/\/informacionlocal.es\/de\/wp-json\/wp\/v2\/categories?post=12875"},{"taxonomy":"post_tag","embeddable":true,"href":"https:\/\/informacionlocal.es\/de\/wp-json\/wp\/v2\/tags?post=12875"}],"curies":[{"name":"wp","href":"https:\/\/api.w.org\/{rel}","templated":true}]}}