{"id":12869,"date":"2025-10-23T23:59:18","date_gmt":"2025-10-23T22:59:18","guid":{"rendered":"https:\/\/informacionlocal.es\/caleta-de-fuste-celebra-la-gran-fiesta-bavara-el-oktoberfest\/"},"modified":"2025-10-23T23:59:18","modified_gmt":"2025-10-23T22:59:18","slug":"caleta-de-fuste-celebra-la-gran-fiesta-bavara-el-oktoberfest","status":"publish","type":"post","link":"https:\/\/informacionlocal.es\/de\/caleta-de-fuste-celebra-la-gran-fiesta-bavara-el-oktoberfest\/","title":{"rendered":"Caleta de Fuste celebra la gran fiesta b\u00e1vara el Oktoberfest"},"content":{"rendered":"<div class=\"elementor-widget-container\">\n<p><strong>Caleta de Fuste celebra la gran fiesta b\u00e1vara el Oktoberfest<\/strong><\/p>\n<p><strong>\u2022 Este viernes 24 de octubre de 18:30 horas hasta la madrugada en la Plaza de Caleta de Fuste gran fiesta b\u00e1vara Oktoberfest.<\/strong><\/p>\n<p>El Ayuntamiento de Antigua desde la concejal\u00eda de Festejos organiza en la plaza de Caleta de Fuste, la gran fiesta b\u00e1vara de octubre, el Oktoberfest, y detalla el concejal de \u00e1rea, Pedro M. Armas, ofrecemos una jornada desde la tarde y hasta la madrugada de actuaciones musicales, comida y juegos propios de esta gran fiesta de las tierras fr\u00edas europeas.<\/p>\n<p>Desde la primera edici\u00f3n del Oktoberfest en Caleta de Fuste la respuesta fue una alta participaci\u00f3n de vecinos, vecinas y turistas que visitan la localidad, y a\u00f1ade el concejal, muchos de origen germano, tanto residentes como turistas, que gustan de encontrarse sus fiestas y tradiciones en una tarde y noche de la que disfrutar con amigos o en familia.<\/p>\n<p>Conciertos, Mercadillos, talleres culturales, sociales o formativos, actividades deportivas, son citas continuas cada mes en Caleta de Fuste, en la misma l\u00ednea que en Antigua, ofreciendo en diferentes localidades diferentes opciones de ocio, deporte o formaci\u00f3n, dinamizando con eventos dirigidos a todos los residentes que impulsan tambi\u00e9n ser visitadas y dinamizar por tanto la econom\u00eda de comercios y establecimientos, se\u00f1ala el alcalde, Mat\u00edas Pe\u00f1a, que anima a participar y disfrutar con responsabilidad de esta nueva cita, el Oktoberfest.<\/p>\n<p>Oktoberfest en Caleta de Fuste ofrece una programaci\u00f3n desde las 18:30 horas con actuaciones musicales como DJ DJingo Django, espect\u00e1culos como Big Brother Klaus, con zona de restauraci\u00f3n con bebida y platos tradicionales, y con juegos de alzamiento de jarras y clavado de troncos, adem\u00e1s de sorpresas y premios divertidos, concluye el concejal, Pedro M. Armas.<\/p>\n<\/div>\n","protected":false},"excerpt":{"rendered":"<p><strong>Caleta de Fuste celebra la gran fiesta b\u00e1vara el Oktoberfest<\/strong><\/p>\n","protected":false},"author":1,"featured_media":12871,"comment_status":"open","ping_status":"open","sticky":false,"template":"","format":"standard","meta":{"inline_featured_image":false,"jnews-multi-image_gallery":[],"jnews_single_post":[],"jnews_primary_category":[],"jnews_social_meta":[],"jnews_override_counter":[],"jnews_post_split":[],"footnotes":""},"categories":[59],"tags":[69],"class_list":["post-12869","post","type-post","status-publish","format-standard","has-post-thumbnail","hentry","category-antigua","tag-eventos"],"jetpack_featured_media_url":"https:\/\/informacionlocal.es\/wp-content\/uploads\/2025\/10\/imagen-de-whatsapp-2025-10-17-a-las-11-46-03_3c6e4199.jpg","_links":{"self":[{"href":"https:\/\/informacionlocal.es\/de\/wp-json\/wp\/v2\/posts\/12869","targetHints":{"allow":["GET"]}}],"collection":[{"href":"https:\/\/informacionlocal.es\/de\/wp-json\/wp\/v2\/posts"}],"about":[{"href":"https:\/\/informacionlocal.es\/de\/wp-json\/wp\/v2\/types\/post"}],"author":[{"embeddable":true,"href":"https:\/\/informacionlocal.es\/de\/wp-json\/wp\/v2\/users\/1"}],"replies":[{"embeddable":true,"href":"https:\/\/informacionlocal.es\/de\/wp-json\/wp\/v2\/comments?post=12869"}],"version-history":[{"count":0,"href":"https:\/\/informacionlocal.es\/de\/wp-json\/wp\/v2\/posts\/12869\/revisions"}],"wp:featuredmedia":[{"embeddable":true,"href":"https:\/\/informacionlocal.es\/de\/wp-json\/wp\/v2\/media\/12871"}],"wp:attachment":[{"href":"https:\/\/informacionlocal.es\/de\/wp-json\/wp\/v2\/media?parent=12869"}],"wp:term":[{"taxonomy":"category","embeddable":true,"href":"https:\/\/informacionlocal.es\/de\/wp-json\/wp\/v2\/categories?post=12869"},{"taxonomy":"post_tag","embeddable":true,"href":"https:\/\/informacionlocal.es\/de\/wp-json\/wp\/v2\/tags?post=12869"}],"curies":[{"name":"wp","href":"https:\/\/api.w.org\/{rel}","templated":true}]}}