{"id":1284,"date":"2025-04-11T02:00:17","date_gmt":"2025-04-11T02:00:17","guid":{"rendered":"https:\/\/informacionlocal.es\/landschaftsverschoenerung-und-beschneiden-von-palmen-in-betancuria\/"},"modified":"2025-04-14T10:03:40","modified_gmt":"2025-04-14T10:03:40","slug":"landschaftsverschoenerung-und-beschneiden-von-palmen-in-betancuria","status":"publish","type":"post","link":"https:\/\/informacionlocal.es\/de\/landschaftsverschoenerung-und-beschneiden-von-palmen-in-betancuria\/","title":{"rendered":"Landschaftsversch\u00f6nerung und Beschneiden von Palmen in Betancuria"},"content":{"rendered":"<div class=\"inner-box\">\n<figure class=\"image-box\"><img fetchpriority=\"high\" decoding=\"async\" width=\"730\" height=\"500\" src=\"https:\/\/informacionlocal.es\/wp-content\/uploads\/2025\/04\/whatsapp-image-2024-09-11-at-09-29-04-730x500-2.jpeg\" class=\"attachment-whitehall_730x500 size-whitehall_730x500 wp-post-image\" title=\"whatsapp-image-2024-09-11-at-09-29-04-730x500-2\"><\/figure>\n<div class=\"post-date\">\n<h3>11Sep<span>&#8217;24<\/span><\/h3>\n<\/div>\n<div class=\"lower-content\">\n<div class=\"category\">Nachrichten, Ank\u00fcndigungen<\/div>\n<ul class=\"post-info clearfix\">\n<li>Presse<\/li>\n<li>0 Kommentar<\/li>\n<\/ul>\n<\/div>\n<p>Das Rathaus von Betancuria entwickelt ein Gartenprojekt f\u00fcr die Pflege und Versch\u00f6nerung der Umgebung und f\u00fcr die Pflege der Palmen. Das Ziel des Projekts ist die Pflege der Palmen durch Beschneiden und vorbeugende Behandlungen. Es handelt sich dabei um die Palmen im historischen Zentrum der Stadt Betancuria.  <\/p>\n<p>Au\u00dferdem werden bei diesem Verfahren Nagetierschutzvorrichtungen an den Palmen im zentralen Bereich angebracht.<\/p>\n<p>Neben der vorbeugenden Pflege und Behandlung legt der Stadtrat besonderen Wert auf die Versch\u00f6nerung des Gebiets. Aus diesem Grund umfasst das Projekt die Bepflanzung und Ausstattung der Pflanzk\u00fcbel. Es handelt sich um ein Projekt zur Realisierung von ma\u00dfgeschneiderten Stadtm\u00f6beln, die im historischen Zentrum der Stadt Betancuria aufgestellt werden sollen.  <\/p>\n<\/div>\n","protected":false},"excerpt":{"rendered":"<p>11Sep&#8217;24 Nachrichten, Ank\u00fcndigungen Presse 0 Kommentar Das Rathaus von Betancuria entwickelt ein Gartenprojekt f\u00fcr die Pflege und Versch\u00f6nerung der Umgebung und f\u00fcr die Pflege der Palmen. Das Ziel des Projekts [&hellip;]<\/p>\n","protected":false},"author":1,"featured_media":786,"comment_status":"open","ping_status":"open","sticky":false,"template":"","format":"standard","meta":{"inline_featured_image":false,"jnews-multi-image_gallery":[],"jnews_single_post":[],"jnews_primary_category":[],"jnews_social_meta":[],"jnews_override_counter":[],"jnews_post_split":[],"footnotes":""},"categories":[285],"tags":[216,196,199],"class_list":["post-1284","post","type-post","status-publish","format-standard","has-post-thumbnail","hentry","category-betancuria-de","tag-fuerteventura-de","tag-gemeinden","tag-umwelt"],"jetpack_featured_media_url":"https:\/\/informacionlocal.es\/wp-content\/uploads\/2025\/04\/whatsapp-image-2024-09-11-at-09-29-04-730x500-1.jpeg","_links":{"self":[{"href":"https:\/\/informacionlocal.es\/de\/wp-json\/wp\/v2\/posts\/1284","targetHints":{"allow":["GET"]}}],"collection":[{"href":"https:\/\/informacionlocal.es\/de\/wp-json\/wp\/v2\/posts"}],"about":[{"href":"https:\/\/informacionlocal.es\/de\/wp-json\/wp\/v2\/types\/post"}],"author":[{"embeddable":true,"href":"https:\/\/informacionlocal.es\/de\/wp-json\/wp\/v2\/users\/1"}],"replies":[{"embeddable":true,"href":"https:\/\/informacionlocal.es\/de\/wp-json\/wp\/v2\/comments?post=1284"}],"version-history":[{"count":1,"href":"https:\/\/informacionlocal.es\/de\/wp-json\/wp\/v2\/posts\/1284\/revisions"}],"predecessor-version":[{"id":1676,"href":"https:\/\/informacionlocal.es\/de\/wp-json\/wp\/v2\/posts\/1284\/revisions\/1676"}],"wp:featuredmedia":[{"embeddable":true,"href":"https:\/\/informacionlocal.es\/de\/wp-json\/wp\/v2\/media\/786"}],"wp:attachment":[{"href":"https:\/\/informacionlocal.es\/de\/wp-json\/wp\/v2\/media?parent=1284"}],"wp:term":[{"taxonomy":"category","embeddable":true,"href":"https:\/\/informacionlocal.es\/de\/wp-json\/wp\/v2\/categories?post=1284"},{"taxonomy":"post_tag","embeddable":true,"href":"https:\/\/informacionlocal.es\/de\/wp-json\/wp\/v2\/tags?post=1284"}],"curies":[{"name":"wp","href":"https:\/\/api.w.org\/{rel}","templated":true}]}}