{"id":1278,"date":"2025-04-11T01:41:13","date_gmt":"2025-04-11T01:41:13","guid":{"rendered":"https:\/\/informacionlocal.es\/tuineje-wuerdigt-seine-tomatenanbautradition-auf-der-feaga-2025\/"},"modified":"2025-04-14T10:04:16","modified_gmt":"2025-04-14T10:04:16","slug":"tuineje-wuerdigt-seine-tomatenanbautradition-auf-der-feaga-2025","status":"publish","type":"post","link":"https:\/\/informacionlocal.es\/de\/tuineje-wuerdigt-seine-tomatenanbautradition-auf-der-feaga-2025\/","title":{"rendered":"Tuineje w\u00fcrdigt seine Tomatenanbautradition auf der FEAGA 2025"},"content":{"rendered":"<div class=\"article-content-inner\">\n<h2 class=\"wp-block-heading\">Der Stand der Gemeinde stellt das Erbe des Tomatenanbaus in den Vordergrund und bietet den Besuchern lehrreiche und unterhaltsame Aktivit\u00e4ten.<\/h2>\n<p>Das Rathaus von Tuineje er\u00f6ffnete am Freitag seinen Stand auf der Messe f\u00fcr Landwirtschaft, Viehzucht und Fischerei auf Fuerteventura (FEAGA), die am Wochenende auf dem Messegel\u00e4nde von Pozo Negro stattfindet. In diesem Jahr wollte der Ausstellungsraum der Gemeinde die Tomate und die reiche Tomatentradition w\u00fcrdigen, die die Geschichte und die landwirtschaftliche Entwicklung der Stadt gepr\u00e4gt hat. <\/p>\n<p>Im Laufe des Vormittags besuchten zahlreiche Schulkinder den Stand und konnten dank interaktiver Aktivit\u00e4ten und der Animation eines Clowns den Tomatenanbau auf eine andere Art und Weise entdecken. Dieser Vorschlag war eine Anspielung auf das Internationale Clown-Festival Tran Tran, eine Veranstaltung, die zu einem kulturellen Bezugspunkt f\u00fcr die Gemeinde geworden ist und die das Engagement von Tuineje f\u00fcr Kreativit\u00e4t und Tradition unterstreicht. <\/p>\n<h2 class=\"wp-block-heading\">Eine Messe zur Pr\u00e4sentation lokaler Produkte<\/h2>\n<p>Der Stadtrat f\u00fcr den prim\u00e4ren Sektor, Jonathan Pe\u00f1a, betonte, wie wichtig es sei, die lokalen Produkte und die landwirtschaftliche Geschichte der Gemeinde hervorzuheben: &#8222;Die Tomate war ein grundlegender Pfeiler in der wirtschaftlichen Entwicklung von Tuineje, und wir m\u00f6chten, dass die neuen Generationen dieses Erbe kennen und sch\u00e4tzen lernen. Dieser Stand ist ein Treffpunkt, an dem die Bem\u00fchungen unserer Landwirte anerkannt werden&#8220;.<\/p>\n<p>Die B\u00fcrgermeisterin von Tuineje, Candelaria Umpi\u00e9rrez, betonte ihrerseits die Bedeutung der FEAGA als Plattform, um die Arbeit des Prim\u00e4rsektors sichtbar zu machen: &#8222;Der Stadtrat verpflichtet sich, unsere Landwirte, Viehz\u00fcchter und Fischer weiterhin zu unterst\u00fctzen, denn sie sind die Seele unserer Gemeinde. Die FEAGA ist eine gro\u00dfartige Gelegenheit, unsere Identit\u00e4t zu zeigen und unser Engagement f\u00fcr unsere Wurzeln zu st\u00e4rken&#8220;.<\/p>\n<p>Die Messe f\u00fcr Landwirtschaft, Viehzucht und Fischerei auf Fuerteventura wird an diesem Wochenende mit einem umfangreichen Programm an Aktivit\u00e4ten, Verkostungen und Ausstellungen fortgesetzt, die den Reichtum des prim\u00e4ren Sektors der Insel hervorheben. Der Stand von Tuineje bleibt ge\u00f6ffnet, um alle Besucher zu empfangen, die mehr \u00fcber die Tradition des Tomatenanbaus in der Gemeinde erfahren m\u00f6chten. <\/p>\n<\/div>\n","protected":false},"excerpt":{"rendered":"<p>Der Stand der Gemeinde stellt das Erbe des Tomatenanbaus in den Vordergrund und bietet den Besuchern lehrreiche und unterhaltsame Aktivit\u00e4ten. Das Rathaus von Tuineje er\u00f6ffnete am Freitag seinen Stand auf [&hellip;]<\/p>\n","protected":false},"author":1,"featured_media":783,"comment_status":"open","ping_status":"open","sticky":false,"template":"","format":"standard","meta":{"inline_featured_image":false,"jnews-multi-image_gallery":[],"jnews_single_post":[],"jnews_primary_category":[],"jnews_social_meta":[],"jnews_override_counter":[],"jnews_post_split":[],"footnotes":""},"categories":[299],"tags":[214,216,196,217,237],"class_list":["post-1278","post","type-post","status-publish","format-standard","has-post-thumbnail","hentry","category-tuineje-de","tag-bildung","tag-fuerteventura-de","tag-gemeinden","tag-kultur-und-freizeit","tag-veranstaltungen"],"jetpack_featured_media_url":"https:\/\/informacionlocal.es\/wp-content\/uploads\/2025\/04\/img_0124-scaled-1.jpg","_links":{"self":[{"href":"https:\/\/informacionlocal.es\/de\/wp-json\/wp\/v2\/posts\/1278","targetHints":{"allow":["GET"]}}],"collection":[{"href":"https:\/\/informacionlocal.es\/de\/wp-json\/wp\/v2\/posts"}],"about":[{"href":"https:\/\/informacionlocal.es\/de\/wp-json\/wp\/v2\/types\/post"}],"author":[{"embeddable":true,"href":"https:\/\/informacionlocal.es\/de\/wp-json\/wp\/v2\/users\/1"}],"replies":[{"embeddable":true,"href":"https:\/\/informacionlocal.es\/de\/wp-json\/wp\/v2\/comments?post=1278"}],"version-history":[{"count":1,"href":"https:\/\/informacionlocal.es\/de\/wp-json\/wp\/v2\/posts\/1278\/revisions"}],"predecessor-version":[{"id":1698,"href":"https:\/\/informacionlocal.es\/de\/wp-json\/wp\/v2\/posts\/1278\/revisions\/1698"}],"wp:featuredmedia":[{"embeddable":true,"href":"https:\/\/informacionlocal.es\/de\/wp-json\/wp\/v2\/media\/783"}],"wp:attachment":[{"href":"https:\/\/informacionlocal.es\/de\/wp-json\/wp\/v2\/media?parent=1278"}],"wp:term":[{"taxonomy":"category","embeddable":true,"href":"https:\/\/informacionlocal.es\/de\/wp-json\/wp\/v2\/categories?post=1278"},{"taxonomy":"post_tag","embeddable":true,"href":"https:\/\/informacionlocal.es\/de\/wp-json\/wp\/v2\/tags?post=1278"}],"curies":[{"name":"wp","href":"https:\/\/api.w.org\/{rel}","templated":true}]}}