{"id":12757,"date":"2025-10-22T19:58:39","date_gmt":"2025-10-22T18:58:39","guid":{"rendered":"https:\/\/informacionlocal.es\/fuerteventura-acerca-la-astronomia-a-la-ciudadania-con-las-jornadas-de-observacion-de-cielo-profundo\/"},"modified":"2025-10-22T19:58:39","modified_gmt":"2025-10-22T18:58:39","slug":"fuerteventura-acerca-la-astronomia-a-la-ciudadania-con-las-jornadas-de-observacion-de-cielo-profundo","status":"publish","type":"post","link":"https:\/\/informacionlocal.es\/de\/fuerteventura-acerca-la-astronomia-a-la-ciudadania-con-las-jornadas-de-observacion-de-cielo-profundo\/","title":{"rendered":"Fuerteventura acerca la astronom\u00eda a la ciudadan\u00eda con las Jornadas de Observaci\u00f3n de Cielo Profundo"},"content":{"rendered":"<div class=\"entry-content\"><strong>22 octubre, 2025<\/strong><\/p>\n<p>El Cabildo de Fuerteventura, a trav\u00e9s de la Consejer\u00eda de<br \/>\nAccesibilidad, Inform\u00e1tica, Nuevas Tecnolog\u00edas y Planificaci\u00f3n y Proyectos<br \/>\nEstrat\u00e9gicos, organiza las Jornadas de Observaci\u00f3n de Cielo Profundo, una<br \/>\nactividad gratuita y dirigida al p\u00fablico en general interesado en descubrir las<br \/>\nmaravillas del Universo. <\/p>\n<p>La iniciativa se enmarca en el Programa FDCAN Fuerteventura<br \/>\n2023-2027 y cuenta con la colaboraci\u00f3n de ayuntamientos y entidades culturales<br \/>\nde diferentes municipios con el objetivo de acercar la ciencia y la tecnolog\u00eda<br \/>\na toda la ciudadan\u00eda.<\/p>\n<p>La programaci\u00f3n incluye sesiones de observaci\u00f3n en ubicaciones<br \/>\nemblem\u00e1ticas de la isla como el Albergue de Tef\u00eda (26 de octubre), la Explanada<br \/>\nde la Iglesia de El Cotillo (28 de octubre) y la Explanada del Cementerio de<br \/>\nMorro Jable (29 de octubre), todas ellas en horario de 19:00 a 00:00 horas.<br \/>\nCada jornada estar\u00e1 orientada a distintos colectivos, pero abierta a la<br \/>\nparticipaci\u00f3n de cualquier persona interesada, de manera gratuita, permitiendo<br \/>\nllegar a una audiencia amplia y diversa en diferentes zonas de la isla.\u200b<\/p>\n<p>Durante las observaciones, se utilizar\u00e1n telescopios profesionales<br \/>\nDobson de gran apertura con sistema GoTo, oculares de alta gama y el avanzado<br \/>\nocular inteligente Pegasus Astro SmartEye, que permite observar galaxias,<br \/>\nnebulosas y c\u00famulos con impresionante nivel de detalle. Las observaciones ser\u00e1n<br \/>\nguiadas por expertos, promoviendo la divulgaci\u00f3n cient\u00edfica y el inter\u00e9s por la<br \/>\nastronom\u00eda entre toda la ciudadan\u00eda.\u200b<\/p>\n<p>La consejera, Carmen Alonso Saavedra, destaca la importancia de<br \/>\n\u201cacercar la astronom\u00eda y la tecnolog\u00eda al mayor n\u00famero posible de habitantes,<br \/>\nespecialmente a quienes normalmente no tienen acceso a miradores astron\u00f3micos<br \/>\nprofesionales\u201d.<\/p>\n<p>El Cabildo de Fuerteventura desea expresar su especial<br \/>\nagradecimiento a los Ayuntamientos de P\u00e1jara y La Oliva, cuya colaboraci\u00f3n ha<br \/>\nsido fundamental para la organizaci\u00f3n y el desarrollo de estas jornadas<br \/>\nastron\u00f3micas.\u200b<\/p>\n<p>Para m\u00e1s informaci\u00f3n sobre la programaci\u00f3n y participaci\u00f3n, consulta<br \/>\nlos canales oficiales del Cabildo de Fuerteventura.<\/p>\n<\/div>\n","protected":false},"excerpt":{"rendered":"<p>22 octubre, 2025 El Cabildo de Fuerteventura, a trav\u00e9s de la Consejer\u00eda de Accesibilidad, Inform\u00e1tica, Nuevas Tecnolog\u00edas y Planificaci\u00f3n y Proyectos Estrat\u00e9gicos, organiza las Jornadas de Observaci\u00f3n de Cielo Profundo, [&hellip;]<\/p>\n","protected":false},"author":1,"featured_media":12759,"comment_status":"open","ping_status":"open","sticky":false,"template":"","format":"standard","meta":{"inline_featured_image":false,"jnews-multi-image_gallery":[],"jnews_single_post":[],"jnews_primary_category":[],"jnews_social_meta":[],"jnews_override_counter":[],"jnews_post_split":[],"footnotes":""},"categories":[58],"tags":[82],"class_list":["post-12757","post","type-post","status-publish","format-standard","has-post-thumbnail","hentry","category-cabildo","tag-fuerteventura"],"jetpack_featured_media_url":"https:\/\/informacionlocal.es\/wp-content\/uploads\/2025\/10\/jornadas-cielo.jpeg","_links":{"self":[{"href":"https:\/\/informacionlocal.es\/de\/wp-json\/wp\/v2\/posts\/12757","targetHints":{"allow":["GET"]}}],"collection":[{"href":"https:\/\/informacionlocal.es\/de\/wp-json\/wp\/v2\/posts"}],"about":[{"href":"https:\/\/informacionlocal.es\/de\/wp-json\/wp\/v2\/types\/post"}],"author":[{"embeddable":true,"href":"https:\/\/informacionlocal.es\/de\/wp-json\/wp\/v2\/users\/1"}],"replies":[{"embeddable":true,"href":"https:\/\/informacionlocal.es\/de\/wp-json\/wp\/v2\/comments?post=12757"}],"version-history":[{"count":0,"href":"https:\/\/informacionlocal.es\/de\/wp-json\/wp\/v2\/posts\/12757\/revisions"}],"wp:featuredmedia":[{"embeddable":true,"href":"https:\/\/informacionlocal.es\/de\/wp-json\/wp\/v2\/media\/12759"}],"wp:attachment":[{"href":"https:\/\/informacionlocal.es\/de\/wp-json\/wp\/v2\/media?parent=12757"}],"wp:term":[{"taxonomy":"category","embeddable":true,"href":"https:\/\/informacionlocal.es\/de\/wp-json\/wp\/v2\/categories?post=12757"},{"taxonomy":"post_tag","embeddable":true,"href":"https:\/\/informacionlocal.es\/de\/wp-json\/wp\/v2\/tags?post=12757"}],"curies":[{"name":"wp","href":"https:\/\/api.w.org\/{rel}","templated":true}]}}