{"id":12751,"date":"2025-10-22T18:58:34","date_gmt":"2025-10-22T17:58:34","guid":{"rendered":"https:\/\/informacionlocal.es\/abierta-la-convocatoria-para-acceder-a-las-becas-de-inmersion-linguistica-del-cabildo-de-fuerteventura\/"},"modified":"2025-10-22T18:58:34","modified_gmt":"2025-10-22T17:58:34","slug":"abierta-la-convocatoria-para-acceder-a-las-becas-de-inmersion-linguistica-del-cabildo-de-fuerteventura","status":"publish","type":"post","link":"https:\/\/informacionlocal.es\/de\/abierta-la-convocatoria-para-acceder-a-las-becas-de-inmersion-linguistica-del-cabildo-de-fuerteventura\/","title":{"rendered":"Abierta la convocatoria para acceder a las becas de inmersi\u00f3n ling\u00fc\u00edstica del Cabildo de Fuerteventura"},"content":{"rendered":"<div class=\"entry-content\"><strong>22 octubre, 2025<\/strong><\/p>\n<p>El Cabildo de Fuerteventura, a trav\u00e9s de la Consejer\u00eda de Educaci\u00f3n que dirige Adargoma Hern\u00e1ndez, ha lanzado la convocatoria de becas de inmersi\u00f3n ling\u00fc\u00edstica para el curso 2025\/2026, dirigida a estudiantes que hayan superado el tercer nivel de Educaci\u00f3n Secundaria Obligatoria (3\u00ba ESO) en el curso 2024\/2025.<\/p>\n<p>Estas ayudas, dotadas con un importe total de 173.289,03 euros, cubrir\u00e1n la participaci\u00f3n de 25 estudiantes en un programa de formaci\u00f3n intensiva en ingl\u00e9s, que incluye un curso online de cuatro meses, que se desarrollar\u00e1 entre el 1 de febrero y el 31 de julio de 2025, seguido por una estancia de inmersi\u00f3n ling\u00fc\u00edstica y cultural de cuatro semanas en Irlanda durante el periodo vacacional posterior.<\/p>\n<p>El consejero Adargoma Hern\u00e1ndez se\u00f1ala que con esta iniciativa \u201cse sigue apostando por una educaci\u00f3n que ofrezca oportunidades reales. Adem\u00e1s, permiten que nuestros estudiantes vivan una experiencia formativa \u00fanica, que brinda herramientas para desarrollar autonom\u00eda y mejora su preparaci\u00f3n para el futuro acad\u00e9mico y profesional\u201d.<\/p>\n<p>Los interesados pueden presentar sus solicitudes desde el 23 de octubre hasta el 12 de noviembre, ambos inclusive, a trav\u00e9s de la Sede Electr\u00f3nica del Cabildo (sede.cabildofuer.es) o mediante el registro electr\u00f3nico central (rec.redsara.es), as\u00ed como en las oficinas de atenci\u00f3n al ciudadano de Puerto del Rosario, Gran Tarajal, Morro Jable y Corralejo, en horario de lunes a viernes de 08:00 a 14:00.<\/p>\n<p>Se puede obtener m\u00e1s informaci\u00f3n sobre esta convocatoria, visitando la web\u00a0https:\/\/www.cabildofuer.es\/cabildo\/atencion-al-ciudadano\/ayudas-subvenciones-y-becas\/\u00a0o contactando al correo electr\u00f3nico\u00a0becas@cabildofuer.es\u00a0o con el tel\u00e9fono 928.862.401.<\/p>\n<\/div>\n","protected":false},"excerpt":{"rendered":"<p>22 octubre, 2025 El Cabildo de Fuerteventura, a trav\u00e9s de la Consejer\u00eda de Educaci\u00f3n que dirige Adargoma Hern\u00e1ndez, ha lanzado la convocatoria de becas de inmersi\u00f3n ling\u00fc\u00edstica para el curso [&hellip;]<\/p>\n","protected":false},"author":1,"featured_media":12753,"comment_status":"open","ping_status":"open","sticky":false,"template":"","format":"standard","meta":{"inline_featured_image":false,"jnews-multi-image_gallery":[],"jnews_single_post":[],"jnews_primary_category":[],"jnews_social_meta":[],"jnews_override_counter":[],"jnews_post_split":[],"footnotes":""},"categories":[58],"tags":[73,82],"class_list":["post-12751","post","type-post","status-publish","format-standard","has-post-thumbnail","hentry","category-cabildo","tag-educacion","tag-fuerteventura"],"jetpack_featured_media_url":"https:\/\/informacionlocal.es\/wp-content\/uploads\/2025\/10\/1761128701-1c4c68c206bfd4a3629e40ec8e715e22.jpg","_links":{"self":[{"href":"https:\/\/informacionlocal.es\/de\/wp-json\/wp\/v2\/posts\/12751","targetHints":{"allow":["GET"]}}],"collection":[{"href":"https:\/\/informacionlocal.es\/de\/wp-json\/wp\/v2\/posts"}],"about":[{"href":"https:\/\/informacionlocal.es\/de\/wp-json\/wp\/v2\/types\/post"}],"author":[{"embeddable":true,"href":"https:\/\/informacionlocal.es\/de\/wp-json\/wp\/v2\/users\/1"}],"replies":[{"embeddable":true,"href":"https:\/\/informacionlocal.es\/de\/wp-json\/wp\/v2\/comments?post=12751"}],"version-history":[{"count":0,"href":"https:\/\/informacionlocal.es\/de\/wp-json\/wp\/v2\/posts\/12751\/revisions"}],"wp:featuredmedia":[{"embeddable":true,"href":"https:\/\/informacionlocal.es\/de\/wp-json\/wp\/v2\/media\/12753"}],"wp:attachment":[{"href":"https:\/\/informacionlocal.es\/de\/wp-json\/wp\/v2\/media?parent=12751"}],"wp:term":[{"taxonomy":"category","embeddable":true,"href":"https:\/\/informacionlocal.es\/de\/wp-json\/wp\/v2\/categories?post=12751"},{"taxonomy":"post_tag","embeddable":true,"href":"https:\/\/informacionlocal.es\/de\/wp-json\/wp\/v2\/tags?post=12751"}],"curies":[{"name":"wp","href":"https:\/\/api.w.org\/{rel}","templated":true}]}}