{"id":12693,"date":"2025-10-22T11:58:25","date_gmt":"2025-10-22T10:58:25","guid":{"rendered":"https:\/\/informacionlocal.es\/el-ayuntamiento-de-puerto-del-rosario-refuerza-la-atencion-social-con-un-nuevo-vehiculo-adaptado\/"},"modified":"2025-10-22T11:58:25","modified_gmt":"2025-10-22T10:58:25","slug":"el-ayuntamiento-de-puerto-del-rosario-refuerza-la-atencion-social-con-un-nuevo-vehiculo-adaptado","status":"publish","type":"post","link":"https:\/\/informacionlocal.es\/de\/el-ayuntamiento-de-puerto-del-rosario-refuerza-la-atencion-social-con-un-nuevo-vehiculo-adaptado\/","title":{"rendered":"El Ayuntamiento de Puerto del Rosario refuerza la atenci\u00f3n social con un nuevo veh\u00edculo adaptado"},"content":{"rendered":"<div class=\"entry-content\">\n<ul>\n<li><span><strong>El furg\u00f3n, adquirido por m\u00e1s de 44.000 euros, mejorar\u00e1 la movilidad y accesibilidad de las personas usuarias de los servicios sociales municipales<\/strong><strong>\u00a0<\/strong><\/span><\/li>\n<\/ul>\n<p><span><strong>En Puerto del Rosario, a 22 de octubre de 2025.-<\/strong> El Ayuntamiento de Puerto del Rosario ha incorporado recientemente un nuevo furg\u00f3n adaptado para el transporte de personas usuarias de sillas de ruedas, una adquisici\u00f3n que permitir\u00e1 mejorar la accesibilidad y la movilidad de quienes reciben atenci\u00f3n a trav\u00e9s del \u00e1rea de Servicios Sociales.<\/span><\/p>\n<p><span>El veh\u00edculo, adquirido por un importe de 44.444 euros (IGIC excluido), ofrece una configuraci\u00f3n vers\u00e1til con nueve plazas o, alternativamente, seis plazas y espacio para una silla de ruedas, seg\u00fan las necesidades del servicio. Est\u00e1 dotado de una plataforma elevadora trasera con capacidad de hasta 300 kilos, de accionamiento el\u00e9ctrico o hidr\u00e1ulico, y con un sistema de seguridad que impide la ca\u00edda de la silla durante su elevaci\u00f3n. Adem\u00e1s, cuando est\u00e1 plegada, la plataforma ocupa un espacio m\u00ednimo para facilitar el transporte.<\/span><\/p>\n<p><img loading=\"lazy\" decoding=\"async\" loading=\"lazy\" class=\"size-large wp-image-157373 aligncenter\" src=\"https:\/\/informacionlocal.es\/wp-content\/uploads\/2025\/10\/vehiculo-adaptado-3-1024x768-1.jpeg\" width=\"1024\" height=\"768\" title=\"vehiculo-adaptado-3-1024x768-1\"><\/p>\n<p><span>El alcalde, David de Vera, explic\u00f3 que \u201ceste nuevo veh\u00edculo es una herramienta que mejora nuestro d\u00eda a d\u00eda, pero sobre todo el de las personas que m\u00e1s lo necesitan. No se trata solo de movilidad, sino de autonom\u00eda para nuestros vecinos y vecinas\u201d.<\/span><\/p>\n<p><span>La concejala de Contrataci\u00f3n, Mar\u00eda Franco, a\u00f1adi\u00f3 que \u201cdesde el \u00e1rea de Contrataci\u00f3n trabajamos para que cada recurso p\u00fablico se traduzca en mejoras reales para la ciudadan\u00eda y este veh\u00edculo es un claro ejemplo de ello. Con su incorporaci\u00f3n al parque m\u00f3vil de Servicios Sociales ofreceremos un servicio m\u00e1s eficiente, seguro y accesible\u201d.<\/span><\/p>\n<p><img loading=\"lazy\" decoding=\"async\" loading=\"lazy\" class=\"size-large wp-image-157374 aligncenter\" src=\"https:\/\/informacionlocal.es\/wp-content\/uploads\/2025\/10\/vehiculo-adaptado-1-1024x768-1.jpeg\" width=\"1024\" height=\"768\" title=\"vehiculo-adaptado-1-1024x768-1\"><\/p>\n<\/div>\n","protected":false},"excerpt":{"rendered":"<p>El furg\u00f3n, adquirido por m\u00e1s de 44.000 euros, mejorar\u00e1 la movilidad y accesibilidad de las personas usuarias de los servicios sociales municipales\u00a0 En Puerto del Rosario, a 22 de octubre [&hellip;]<\/p>\n","protected":false},"author":1,"featured_media":12695,"comment_status":"open","ping_status":"open","sticky":false,"template":"","format":"standard","meta":{"inline_featured_image":false,"jnews-multi-image_gallery":[],"jnews_single_post":[],"jnews_primary_category":[],"jnews_social_meta":[],"jnews_override_counter":[],"jnews_post_split":[],"footnotes":""},"categories":[61],"tags":[],"class_list":["post-12693","post","type-post","status-publish","format-standard","has-post-thumbnail","hentry","category-puerto-del-rosario"],"jetpack_featured_media_url":"https:\/\/informacionlocal.es\/wp-content\/uploads\/2025\/10\/vehiculo-adaptado.png","_links":{"self":[{"href":"https:\/\/informacionlocal.es\/de\/wp-json\/wp\/v2\/posts\/12693","targetHints":{"allow":["GET"]}}],"collection":[{"href":"https:\/\/informacionlocal.es\/de\/wp-json\/wp\/v2\/posts"}],"about":[{"href":"https:\/\/informacionlocal.es\/de\/wp-json\/wp\/v2\/types\/post"}],"author":[{"embeddable":true,"href":"https:\/\/informacionlocal.es\/de\/wp-json\/wp\/v2\/users\/1"}],"replies":[{"embeddable":true,"href":"https:\/\/informacionlocal.es\/de\/wp-json\/wp\/v2\/comments?post=12693"}],"version-history":[{"count":0,"href":"https:\/\/informacionlocal.es\/de\/wp-json\/wp\/v2\/posts\/12693\/revisions"}],"wp:featuredmedia":[{"embeddable":true,"href":"https:\/\/informacionlocal.es\/de\/wp-json\/wp\/v2\/media\/12695"}],"wp:attachment":[{"href":"https:\/\/informacionlocal.es\/de\/wp-json\/wp\/v2\/media?parent=12693"}],"wp:term":[{"taxonomy":"category","embeddable":true,"href":"https:\/\/informacionlocal.es\/de\/wp-json\/wp\/v2\/categories?post=12693"},{"taxonomy":"post_tag","embeddable":true,"href":"https:\/\/informacionlocal.es\/de\/wp-json\/wp\/v2\/tags?post=12693"}],"curies":[{"name":"wp","href":"https:\/\/api.w.org\/{rel}","templated":true}]}}