{"id":12687,"date":"2025-10-21T20:58:23","date_gmt":"2025-10-21T19:58:23","guid":{"rendered":"https:\/\/informacionlocal.es\/el-ayuntamiento-de-pajara-culmina-las-obras-del-parque-infantil-jose-espino-morales\/"},"modified":"2025-10-21T20:58:23","modified_gmt":"2025-10-21T19:58:23","slug":"el-ayuntamiento-de-pajara-culmina-las-obras-del-parque-infantil-jose-espino-morales","status":"publish","type":"post","link":"https:\/\/informacionlocal.es\/de\/el-ayuntamiento-de-pajara-culmina-las-obras-del-parque-infantil-jose-espino-morales\/","title":{"rendered":"El Ayuntamiento de P\u00e1jara culmina las obras del parque infantil Jos\u00e9 Espino Morales\u00a0"},"content":{"rendered":"<div class=\"entry-content\">\n<p><b><i>La inversi\u00f3n de m\u00e1s de 600.000 euros viene a mejorar el entorno del Barranco del Ciervo en Morro Jable\u00a0<\/i><\/b><\/p>\n<p><span>El Ayuntamiento de P\u00e1jara concluye las obras de remodelaci\u00f3n del parque infantil Jos\u00e9 Espino Morales, situado en el Barranco del Ciervo, un proyecto que ha contado con una inversi\u00f3n de m\u00e1s de 600.000 euros.<\/span><\/p>\n<p><span>La actuaci\u00f3n ha permitido transformar la antigua zona de ocio en un espacio m\u00e1s amplio, moderno y seguro, destinado al disfrute de los residentes y visitantes del municipio.\u00a0<\/span><\/p>\n<p><span>El primer teniente de alcalde y concejal de Obras, Alexis Alonso, destaca la relevancia de seguir apostando por la mejora de los espacios p\u00fablicos de uso familiar. \u201cEntre las mejoras realizadas se incluye el cambio del pavimento del parque infantil y las zonas verdes, con el objetivo de garantizar la seguridad de los y las menores, as\u00ed como alumbrado nuevo y la creaci\u00f3n de una peque\u00f1a zona de restauraci\u00f3n\u201d, subraya.<\/span><\/p>\n<p><span>Por su parte, el alcalde de P\u00e1jara, Alejandro Jorge, resalta la importancia de este nuevo espacio como \u201cun punto de encuentro para nuestros vecinos y vecinas fomentando la convivencia de nuestro municipio\u201d. \u201cSin dudas, el Barranco del Ciervo ha cambiado su imagen para mejor, y esta infraestructura lo demuestra\u201d, afirma.\u00a0<\/span><\/p>\n<p><span>Con esta actuaci\u00f3n, el Ayuntamiento reafirma su compromiso con el bienestar y la calidad de vida de la poblaci\u00f3n, apostando por entornos seguros, accesibles y pensados para el disfrute de todas las edades.\u00a0<\/span><\/p>\n<\/div>\n","protected":false},"excerpt":{"rendered":"<p><i>La inversi\u00f3n de m\u00e1s de 600.000 euros viene a mejorar el entorno del Barranco del Ciervo en Morro Jable\u00a0<\/i><\/p>\n","protected":false},"author":1,"featured_media":12689,"comment_status":"open","ping_status":"open","sticky":false,"template":"","format":"standard","meta":{"inline_featured_image":false,"jnews-multi-image_gallery":[],"jnews_single_post":[],"jnews_primary_category":[],"jnews_social_meta":[],"jnews_override_counter":[],"jnews_post_split":[],"footnotes":""},"categories":[63],"tags":[],"class_list":["post-12687","post","type-post","status-publish","format-standard","has-post-thumbnail","hentry","category-pajara"],"jetpack_featured_media_url":"https:\/\/informacionlocal.es\/wp-content\/uploads\/2025\/10\/parque-del-barranco-del-ciervo.jpeg","_links":{"self":[{"href":"https:\/\/informacionlocal.es\/de\/wp-json\/wp\/v2\/posts\/12687","targetHints":{"allow":["GET"]}}],"collection":[{"href":"https:\/\/informacionlocal.es\/de\/wp-json\/wp\/v2\/posts"}],"about":[{"href":"https:\/\/informacionlocal.es\/de\/wp-json\/wp\/v2\/types\/post"}],"author":[{"embeddable":true,"href":"https:\/\/informacionlocal.es\/de\/wp-json\/wp\/v2\/users\/1"}],"replies":[{"embeddable":true,"href":"https:\/\/informacionlocal.es\/de\/wp-json\/wp\/v2\/comments?post=12687"}],"version-history":[{"count":0,"href":"https:\/\/informacionlocal.es\/de\/wp-json\/wp\/v2\/posts\/12687\/revisions"}],"wp:featuredmedia":[{"embeddable":true,"href":"https:\/\/informacionlocal.es\/de\/wp-json\/wp\/v2\/media\/12689"}],"wp:attachment":[{"href":"https:\/\/informacionlocal.es\/de\/wp-json\/wp\/v2\/media?parent=12687"}],"wp:term":[{"taxonomy":"category","embeddable":true,"href":"https:\/\/informacionlocal.es\/de\/wp-json\/wp\/v2\/categories?post=12687"},{"taxonomy":"post_tag","embeddable":true,"href":"https:\/\/informacionlocal.es\/de\/wp-json\/wp\/v2\/tags?post=12687"}],"curies":[{"name":"wp","href":"https:\/\/api.w.org\/{rel}","templated":true}]}}