{"id":12663,"date":"2025-10-21T08:59:45","date_gmt":"2025-10-21T07:59:45","guid":{"rendered":"https:\/\/informacionlocal.es\/el-cabildo-impulsa-el-proyecto-del-centro-polivalente-de-formacion-para-estudios-superiores\/"},"modified":"2025-10-21T08:59:45","modified_gmt":"2025-10-21T07:59:45","slug":"el-cabildo-impulsa-el-proyecto-del-centro-polivalente-de-formacion-para-estudios-superiores","status":"publish","type":"post","link":"https:\/\/informacionlocal.es\/de\/el-cabildo-impulsa-el-proyecto-del-centro-polivalente-de-formacion-para-estudios-superiores\/","title":{"rendered":"\ufeffEl Cabildo impulsa el proyecto del Centro Polivalente de Formaci\u00f3n para estudios superiores"},"content":{"rendered":"<div class=\"entry-content\"><strong>21 octubre, 2025<\/strong><\/p>\n<p><em><strong>La Consejer\u00eda de Educaci\u00f3n trabaja en la redacci\u00f3n del proyecto de obra de un edificio que estar\u00e1 ubicado en la zona del Parque Tecnol\u00f3gico de Fuerteventura<\/strong><\/em><\/p>\n<p>El Cabildo de Fuerteventura contin\u00faa impulsando el proyecto del futuro Centro Polivalente de Formaci\u00f3n, un espacio que estar\u00e1 orientado a acoger estudios superiores y ubicado en las inmediaciones del Parque Tecnol\u00f3gico de Fuerteventura.<\/p>\n<p>La Consejer\u00eda insular de Educaci\u00f3n trabaja actualmente en la redacci\u00f3n del proyecto, seg\u00fan ha comunicado la presidenta del Cabildo, Lola Garc\u00eda, en una reciente reuni\u00f3n de coordinaci\u00f3n.<\/p>\n<p>Garc\u00eda ha resaltado la importancia de tener un nuevo edificio que permita promover la implantaci\u00f3n de estudios universitarios y superiores en Fuerteventura, de modo que se siga mejorando en formaci\u00f3n y poder retener as\u00ed el talento en la Isla.<\/p>\n<p>Seg\u00fan ha destacado el consejero de Educaci\u00f3n, Adargoma Hern\u00e1ndez, resulta fundamental contar con un espacio que d\u00e9 cabida a grados ya existentes y posibles nuevos estudios superiores en Fuerteventura.<\/p>\n<p>Al mismo tiempo, desde el Cabildo se sigue pidiendo al Gobierno de Canarias que promueva las infraestructuras educativas que necesita Fuerteventura. \u201cEl desarrollo del proyecto del Centro Polivalente de Formaci\u00f3n no exime al ejecutivo de atender demandas como un centro propio para la Escuela de Arte de Fuerteventura o la ampliaci\u00f3n del CIFP Majada Marcial\u201d, apunt\u00f3 Adargoma Hern\u00e1ndez.<\/p>\n<p>Por su parte, la consejera de Hacienda, Nuria Cabrera, ha hecho hincapi\u00e9 en que \u201cdesde el Cabildo se buscan mecanismos de financiaci\u00f3n para el futuro Centro de Formaci\u00f3n Polivalente, de manera que pueda iniciarse su construcci\u00f3n en el menor tiempo posible\u201d.<\/p>\n<\/div>\n","protected":false},"excerpt":{"rendered":"<p>21 octubre, 2025 La Consejer\u00eda de Educaci\u00f3n trabaja en la redacci\u00f3n del proyecto de obra de un edificio que estar\u00e1 ubicado en la zona del Parque Tecnol\u00f3gico de Fuerteventura El [&hellip;]<\/p>\n","protected":false},"author":1,"featured_media":12665,"comment_status":"open","ping_status":"open","sticky":false,"template":"","format":"standard","meta":{"inline_featured_image":false,"jnews-multi-image_gallery":[],"jnews_single_post":[],"jnews_primary_category":[],"jnews_social_meta":[],"jnews_override_counter":[],"jnews_post_split":[],"footnotes":""},"categories":[58],"tags":[73,82],"class_list":["post-12663","post","type-post","status-publish","format-standard","has-post-thumbnail","hentry","category-cabildo","tag-educacion","tag-fuerteventura"],"jetpack_featured_media_url":"https:\/\/informacionlocal.es\/wp-content\/uploads\/2025\/10\/centro-polivalente.jpeg","_links":{"self":[{"href":"https:\/\/informacionlocal.es\/de\/wp-json\/wp\/v2\/posts\/12663","targetHints":{"allow":["GET"]}}],"collection":[{"href":"https:\/\/informacionlocal.es\/de\/wp-json\/wp\/v2\/posts"}],"about":[{"href":"https:\/\/informacionlocal.es\/de\/wp-json\/wp\/v2\/types\/post"}],"author":[{"embeddable":true,"href":"https:\/\/informacionlocal.es\/de\/wp-json\/wp\/v2\/users\/1"}],"replies":[{"embeddable":true,"href":"https:\/\/informacionlocal.es\/de\/wp-json\/wp\/v2\/comments?post=12663"}],"version-history":[{"count":0,"href":"https:\/\/informacionlocal.es\/de\/wp-json\/wp\/v2\/posts\/12663\/revisions"}],"wp:featuredmedia":[{"embeddable":true,"href":"https:\/\/informacionlocal.es\/de\/wp-json\/wp\/v2\/media\/12665"}],"wp:attachment":[{"href":"https:\/\/informacionlocal.es\/de\/wp-json\/wp\/v2\/media?parent=12663"}],"wp:term":[{"taxonomy":"category","embeddable":true,"href":"https:\/\/informacionlocal.es\/de\/wp-json\/wp\/v2\/categories?post=12663"},{"taxonomy":"post_tag","embeddable":true,"href":"https:\/\/informacionlocal.es\/de\/wp-json\/wp\/v2\/tags?post=12663"}],"curies":[{"name":"wp","href":"https:\/\/api.w.org\/{rel}","templated":true}]}}