{"id":12653,"date":"2025-10-20T20:58:37","date_gmt":"2025-10-20T19:58:37","guid":{"rendered":"https:\/\/informacionlocal.es\/el-ayuntamiento-colaborara-con-el-ies-puerto-del-rosario-para-mejorar-la-iluminacion-exterior-del-centro-y-reducir-la-contaminacion-luminica\/"},"modified":"2025-10-20T20:58:37","modified_gmt":"2025-10-20T19:58:37","slug":"el-ayuntamiento-colaborara-con-el-ies-puerto-del-rosario-para-mejorar-la-iluminacion-exterior-del-centro-y-reducir-la-contaminacion-luminica","status":"publish","type":"post","link":"https:\/\/informacionlocal.es\/de\/el-ayuntamiento-colaborara-con-el-ies-puerto-del-rosario-para-mejorar-la-iluminacion-exterior-del-centro-y-reducir-la-contaminacion-luminica\/","title":{"rendered":"El Ayuntamiento colaborar\u00e1 con el IES Puerto del Rosario para mejorar la iluminaci\u00f3n exterior del centro y reducir la contaminaci\u00f3n lum\u00ednica"},"content":{"rendered":"<div class=\"entry-content\">\n<ul>\n<li><span><strong>La iniciativa surge del proyecto Erasmus+ <em>\u201cContaminaci\u00f3n lum\u00ednica, un problema a tener en cuenta\u201d<\/em>, desarrollado por el alumnado del Aula Enclave y del Programa de Diversificaci\u00f3n Curricular junto a un centro alem\u00e1n.<\/strong><\/span><\/li>\n<\/ul>\n<p><span><strong>En Puerto del Rosario, a 20 de octubre de 2025.-<\/strong> El Ayuntamiento de Puerto del Rosario colaborar\u00e1 con el IES Puerto del Rosario en un proyecto para mejorar la iluminaci\u00f3n exterior del entorno del centro educativo con el objetivo de reducir la contaminaci\u00f3n lum\u00ednica y avanzar hacia un modelo de alumbrado m\u00e1s sostenible y eficiente.<\/span><\/p>\n<p><span>La iniciativa parte del trabajo desarrollado durante el pasado curso dentro del programa Erasmus+ \u201cContaminaci\u00f3n lum\u00ednica, un problema a tener en cuenta\u201d, en el que particip\u00f3 alumnado del Aula Enclave, de 2\u00ba de la ESO y del Programa de Diversificaci\u00f3n Curricular (PDC) junto a un centro educativo de Alemania. Este proyecto europeo tuvo como eje la sostenibilidad ambiental y la reducci\u00f3n de la contaminaci\u00f3n lum\u00ednica en espacios urbanos y educativos, y permiti\u00f3 al alumnado vivir una experiencia de movilidad inclusiva en Alemania a finales del a\u00f1o pasado.<\/span><\/p>\n<p><span>La propuesta de actuaci\u00f3n conjunta comenz\u00f3 a tomar forma durante las jornadas sobre contaminaci\u00f3n lum\u00ednica celebradas en febrero en el propio instituto, en las que particip\u00f3 el concejal David de Le\u00f3n. A partir de ese encuentro, el alumnado plante\u00f3 ideas para adaptar la iluminaci\u00f3n exterior del recinto, buscando reducir el impacto lum\u00ednico, mejorar la visibilidad del cielo nocturno y promover un uso m\u00e1s racional de la energ\u00eda.<\/span><\/p>\n<p><img loading=\"lazy\" decoding=\"async\" loading=\"lazy\" class=\"size-large wp-image-157333 aligncenter\" src=\"https:\/\/informacionlocal.es\/wp-content\/uploads\/2025\/10\/ies-puerto-del-rosario-2-1024x768-1.jpeg\" width=\"1024\" height=\"768\" title=\"ies-puerto-del-rosario-2-1024x768-1\"><\/p>\n<p><span>El alcalde de Puerto del Rosario, David de Vera, subray\u00f3 el valor educativo y social de esta colaboraci\u00f3n. \u201cEstamos ante un ejemplo precioso de c\u00f3mo la educaci\u00f3n puede transformar el entorno. El trabajo del Aula Enclave y del Programa de Diversificaci\u00f3n Curricular demuestra que la inclusi\u00f3n tambi\u00e9n se construye desde la sostenibilidad, la conciencia ambiental y la participaci\u00f3n activa del alumnado\u201d.<\/span><\/p>\n<p><span>El concejal de Servicios Municipales, David de Le\u00f3n, destac\u00f3 la sensibilidad y compromiso del alumnado. \u201cFue emocionante ver c\u00f3mo estos chicos y chicas, a partir de lo aprendido en las jornadas, imaginaron soluciones reales para mejorar su entorno. Desde el Ayuntamiento vamos a estudiar la posibilidad de actuar en los exteriores del centro para contribuir a esa idea y seguir dando pasos en eficiencia energ\u00e9tica\u201d.<\/span><\/p>\n<p><span>La movilidad inclusiva desarrollada por el IES Puerto del Rosario ha permitido que alumnado con necesidades educativas especiales (Aula Enclave), 2\u00ba de la ESO y dificultades de aprendizaje (PDC) participen en un proyecto internacional en igualdad de condiciones, potenciando su autonom\u00eda, su confianza y su implicaci\u00f3n social.<\/span><\/p>\n<\/div>\n","protected":false},"excerpt":{"rendered":"<p>La iniciativa surge del proyecto Erasmus+ \u201cContaminaci\u00f3n lum\u00ednica, un problema a tener en cuenta\u201d, desarrollado por el alumnado del Aula Enclave y del Programa de Diversificaci\u00f3n Curricular junto a un [&hellip;]<\/p>\n","protected":false},"author":1,"featured_media":12655,"comment_status":"open","ping_status":"open","sticky":false,"template":"","format":"standard","meta":{"inline_featured_image":false,"jnews-multi-image_gallery":[],"jnews_single_post":[],"jnews_primary_category":[],"jnews_social_meta":[],"jnews_override_counter":[],"jnews_post_split":[],"footnotes":""},"categories":[61],"tags":[73],"class_list":["post-12653","post","type-post","status-publish","format-standard","has-post-thumbnail","hentry","category-puerto-del-rosario","tag-educacion"],"jetpack_featured_media_url":"https:\/\/informacionlocal.es\/wp-content\/uploads\/2025\/10\/ies-puerto-del-rosario.png","_links":{"self":[{"href":"https:\/\/informacionlocal.es\/de\/wp-json\/wp\/v2\/posts\/12653","targetHints":{"allow":["GET"]}}],"collection":[{"href":"https:\/\/informacionlocal.es\/de\/wp-json\/wp\/v2\/posts"}],"about":[{"href":"https:\/\/informacionlocal.es\/de\/wp-json\/wp\/v2\/types\/post"}],"author":[{"embeddable":true,"href":"https:\/\/informacionlocal.es\/de\/wp-json\/wp\/v2\/users\/1"}],"replies":[{"embeddable":true,"href":"https:\/\/informacionlocal.es\/de\/wp-json\/wp\/v2\/comments?post=12653"}],"version-history":[{"count":0,"href":"https:\/\/informacionlocal.es\/de\/wp-json\/wp\/v2\/posts\/12653\/revisions"}],"wp:featuredmedia":[{"embeddable":true,"href":"https:\/\/informacionlocal.es\/de\/wp-json\/wp\/v2\/media\/12655"}],"wp:attachment":[{"href":"https:\/\/informacionlocal.es\/de\/wp-json\/wp\/v2\/media?parent=12653"}],"wp:term":[{"taxonomy":"category","embeddable":true,"href":"https:\/\/informacionlocal.es\/de\/wp-json\/wp\/v2\/categories?post=12653"},{"taxonomy":"post_tag","embeddable":true,"href":"https:\/\/informacionlocal.es\/de\/wp-json\/wp\/v2\/tags?post=12653"}],"curies":[{"name":"wp","href":"https:\/\/api.w.org\/{rel}","templated":true}]}}