{"id":1265,"date":"2025-04-10T16:52:12","date_gmt":"2025-04-10T16:52:12","guid":{"rendered":"https:\/\/informacionlocal.es\/puerto-del-rosario-schluesselstelle-eines-bahnbrechenden-projekts-zur-rettung-von-menschenleben-auf-see\/"},"modified":"2025-04-14T10:05:57","modified_gmt":"2025-04-14T10:05:57","slug":"puerto-del-rosario-schluesselstelle-eines-bahnbrechenden-projekts-zur-rettung-von-menschenleben-auf-see","status":"publish","type":"post","link":"https:\/\/informacionlocal.es\/de\/puerto-del-rosario-schluesselstelle-eines-bahnbrechenden-projekts-zur-rettung-von-menschenleben-auf-see\/","title":{"rendered":"Puerto del Rosario, Schl\u00fcsselstelle eines bahnbrechenden Projekts zur Rettung von Menschenleben auf See"},"content":{"rendered":"<div class=\"entry-content\">\n<div class=\"xdj266r x11i5rnm xat24cr x1mh8g0r x1vvkbs x126k92a\">\n<div dir=\"auto\">Unsere Gemeinde hat ein innovatives technologisches System namens AGAMENON vorgestellt, das die humanit\u00e4re Reaktion und die Steuerung der Migrationsstr\u00f6me auf den Kanarischen Inseln verbessern wird. Ein Fortschritt, der von der Regierung der Kanarischen Inseln in Zusammenarbeit mit verschiedenen Einrichtungen gef\u00f6rdert wird, die sich f\u00fcr die \u00dcberwachung, die Rettung und den Schutz der Menschenrechte einsetzen. <\/div>\n<\/div>\n<div class=\"x11i5rnm xat24cr x1mh8g0r x1vvkbs xtlvy1s x126k92a\">\n<div dir=\"auto\">Bei diesem in Spanien einzigartigen Projekt werden k\u00fcnstliche Intelligenz, Sensoren und Warnsysteme eingesetzt, um bei Notf\u00e4llen auf See wirksamer handeln zu k\u00f6nnen.<\/div>\n<\/div>\n<div class=\"x11i5rnm xat24cr x1mh8g0r x1vvkbs xtlvy1s x126k92a\">\n<div dir=\"auto\">Wir sind stolz darauf, dass es in Puerto del Rosario Initiativen gibt, die Leben retten und Fuerteventura als Ma\u00dfstab f\u00fcr soziale und technologische Innovation positionieren.<\/div>\n<\/div>\n<\/div>\n","protected":false},"excerpt":{"rendered":"<p>Unsere Gemeinde hat ein innovatives technologisches System namens AGAMENON vorgestellt, das die humanit\u00e4re Reaktion und die Steuerung der Migrationsstr\u00f6me auf den Kanarischen Inseln verbessern wird. Ein Fortschritt, der von der [&hellip;]<\/p>\n","protected":false},"author":1,"featured_media":606,"comment_status":"open","ping_status":"open","sticky":false,"template":"","format":"standard","meta":{"inline_featured_image":false,"jnews-multi-image_gallery":[],"jnews_single_post":[],"jnews_primary_category":[],"jnews_social_meta":[],"jnews_override_counter":[],"jnews_post_split":[],"footnotes":""},"categories":[293],"tags":[216,196,213,237,218],"class_list":["post-1265","post","type-post","status-publish","format-standard","has-post-thumbnail","hentry","category-puerto-del-rosario-de","tag-fuerteventura-de","tag-gemeinden","tag-integration-de","tag-veranstaltungen","tag-verordnungen"],"jetpack_featured_media_url":"https:\/\/informacionlocal.es\/wp-content\/uploads\/2025\/04\/agamenon-titular-alcalde.jpg","_links":{"self":[{"href":"https:\/\/informacionlocal.es\/de\/wp-json\/wp\/v2\/posts\/1265","targetHints":{"allow":["GET"]}}],"collection":[{"href":"https:\/\/informacionlocal.es\/de\/wp-json\/wp\/v2\/posts"}],"about":[{"href":"https:\/\/informacionlocal.es\/de\/wp-json\/wp\/v2\/types\/post"}],"author":[{"embeddable":true,"href":"https:\/\/informacionlocal.es\/de\/wp-json\/wp\/v2\/users\/1"}],"replies":[{"embeddable":true,"href":"https:\/\/informacionlocal.es\/de\/wp-json\/wp\/v2\/comments?post=1265"}],"version-history":[{"count":1,"href":"https:\/\/informacionlocal.es\/de\/wp-json\/wp\/v2\/posts\/1265\/revisions"}],"predecessor-version":[{"id":1720,"href":"https:\/\/informacionlocal.es\/de\/wp-json\/wp\/v2\/posts\/1265\/revisions\/1720"}],"wp:featuredmedia":[{"embeddable":true,"href":"https:\/\/informacionlocal.es\/de\/wp-json\/wp\/v2\/media\/606"}],"wp:attachment":[{"href":"https:\/\/informacionlocal.es\/de\/wp-json\/wp\/v2\/media?parent=1265"}],"wp:term":[{"taxonomy":"category","embeddable":true,"href":"https:\/\/informacionlocal.es\/de\/wp-json\/wp\/v2\/categories?post=1265"},{"taxonomy":"post_tag","embeddable":true,"href":"https:\/\/informacionlocal.es\/de\/wp-json\/wp\/v2\/tags?post=1265"}],"curies":[{"name":"wp","href":"https:\/\/api.w.org\/{rel}","templated":true}]}}