{"id":1261,"date":"2025-04-10T17:06:13","date_gmt":"2025-04-10T17:06:13","guid":{"rendered":"https:\/\/informacionlocal.es\/la-oliva-eroeffnet-die-bewerbungsfrist-fuer-zwei-seiner-sportfoerderprogramme\/"},"modified":"2025-04-14T10:00:12","modified_gmt":"2025-04-14T10:00:12","slug":"la-oliva-eroeffnet-die-bewerbungsfrist-fuer-zwei-seiner-sportfoerderprogramme","status":"publish","type":"post","link":"https:\/\/informacionlocal.es\/de\/la-oliva-eroeffnet-die-bewerbungsfrist-fuer-zwei-seiner-sportfoerderprogramme\/","title":{"rendered":"La Oliva er\u00f6ffnet die Bewerbungsfrist f\u00fcr zwei seiner Sportf\u00f6rderprogramme."},"content":{"rendered":"<p>Die Stadtverwaltung von La Oliva er\u00f6ffnet \u00fcber die Abteilung f\u00fcr Sport unter der Leitung von Gleiber Carre\u00f1o die Bewerbungsfrist f\u00fcr zwei ihrer drei Sportf\u00f6rderlinien. Bei dieser Gelegenheit k\u00f6nnen sich Interessierte zum einen f\u00fcr den Zuschuss f\u00fcr die Organisation oder Einrichtung von st\u00e4dtischen Sportschulen bewerben, f\u00fcr die insgesamt 100.000 Euro bereitgestellt werden. Gleichzeitig er\u00f6ffnet der Rat die Bewerbungsfrist f\u00fcr den Bereich Sportveranstaltungen 2025, der mit insgesamt 70.000 Euro ausgestattet ist.    <\/p>\n<p>Der B\u00fcrgermeister von La Oliva, Isa\u00ed Blanco, sagt: &#8222;Es ist wichtig, dass wir von Seiten der Verwaltung weiterhin unsere Unterst\u00fctzung f\u00fcr den kommunalen Sportsektor zeigen. Ziel ist es weiterhin, die sportliche Bet\u00e4tigung in allen Bev\u00f6lkerungsschichten zu f\u00f6rdern. Von den j\u00fcngsten Einwohnern bis hin zu den \u00e4lteren Menschen, durch die F\u00f6rderung unserer hochwertigen Sportveranstaltungen, um einen Tourismus zu schaffen, der nicht nur den Sport in La Oliva erlebt, sondern sich auch um die Umwelt k\u00fcmmert&#8220;.  <\/p>\n<p>Der Stadtrat f\u00fcr Sport, Gleiber Carre\u00f1o, sagt: &#8222;Von Seiten des Sportamtes unterst\u00fctzen wir weiterhin unseren Breitensport, ohne dabei die Qualit\u00e4t und Durchf\u00fchrung der j\u00e4hrlichen Sportveranstaltungen zu vernachl\u00e4ssigen. Diese Subventionen sind der Schl\u00fcssel, um den Sport und die F\u00f6rderung der k\u00f6rperlichen Aktivit\u00e4t in der Gemeinde weiter voranzubringen.  <\/p>\n<p>Die Frist f\u00fcr die Einreichung von Antr\u00e4gen und Unterlagen endet am 25. April einschlie\u00dflich. Interessierte, die sich f\u00fcr diese Zusch\u00fcsse bewerben m\u00f6chten, finden ausf\u00fchrliche Informationen sowie die Antragsformulare und Anh\u00e4nge auf der offiziellen Website des Rathauses von La Oliva: www.laoliva.es. Zur Kl\u00e4rung von Zweifeln oder f\u00fcr zus\u00e4tzliche Informationen wenden Sie sich bitte an die Sportabteilung des Rathauses in der C\/ Emilio Castellot, Nr. 2, La Oliva, oder rufen Sie an unter 928.861904, Durchwahl 2066 und 2067.  <\/p>\n","protected":false},"excerpt":{"rendered":"<p><span>Das Konsistorium verf\u00fcgt \u00fcber insgesamt 170.000 Euro in zwei seiner drei Subventionslinien, die den Sportsektor in der Gemeinde unterst\u00fctzen werden.<\/span><\/p>\n","protected":false},"author":1,"featured_media":627,"comment_status":"open","ping_status":"open","sticky":false,"template":"","format":"standard","meta":{"inline_featured_image":false,"jnews-multi-image_gallery":[],"jnews_single_post":[],"jnews_primary_category":[],"jnews_social_meta":[],"jnews_override_counter":[],"jnews_post_split":[],"footnotes":""},"categories":[291],"tags":[242,216,196,217,237],"class_list":["post-1261","post","type-post","status-publish","format-standard","has-post-thumbnail","hentry","category-la-oliva-de","tag-aufforderungen-zur-einreichung-von-bewerbungen","tag-fuerteventura-de","tag-gemeinden","tag-kultur-und-freizeit","tag-veranstaltungen"],"jetpack_featured_media_url":"https:\/\/informacionlocal.es\/wp-content\/uploads\/2025\/04\/5180_45588a79.png","_links":{"self":[{"href":"https:\/\/informacionlocal.es\/de\/wp-json\/wp\/v2\/posts\/1261","targetHints":{"allow":["GET"]}}],"collection":[{"href":"https:\/\/informacionlocal.es\/de\/wp-json\/wp\/v2\/posts"}],"about":[{"href":"https:\/\/informacionlocal.es\/de\/wp-json\/wp\/v2\/types\/post"}],"author":[{"embeddable":true,"href":"https:\/\/informacionlocal.es\/de\/wp-json\/wp\/v2\/users\/1"}],"replies":[{"embeddable":true,"href":"https:\/\/informacionlocal.es\/de\/wp-json\/wp\/v2\/comments?post=1261"}],"version-history":[{"count":1,"href":"https:\/\/informacionlocal.es\/de\/wp-json\/wp\/v2\/posts\/1261\/revisions"}],"predecessor-version":[{"id":1614,"href":"https:\/\/informacionlocal.es\/de\/wp-json\/wp\/v2\/posts\/1261\/revisions\/1614"}],"wp:featuredmedia":[{"embeddable":true,"href":"https:\/\/informacionlocal.es\/de\/wp-json\/wp\/v2\/media\/627"}],"wp:attachment":[{"href":"https:\/\/informacionlocal.es\/de\/wp-json\/wp\/v2\/media?parent=1261"}],"wp:term":[{"taxonomy":"category","embeddable":true,"href":"https:\/\/informacionlocal.es\/de\/wp-json\/wp\/v2\/categories?post=1261"},{"taxonomy":"post_tag","embeddable":true,"href":"https:\/\/informacionlocal.es\/de\/wp-json\/wp\/v2\/tags?post=1261"}],"curies":[{"name":"wp","href":"https:\/\/api.w.org\/{rel}","templated":true}]}}