{"id":12599,"date":"2025-10-20T17:58:40","date_gmt":"2025-10-20T16:58:40","guid":{"rendered":"https:\/\/informacionlocal.es\/dos-trabajadoras-sociales-del-ayuntamiento-de-puerto-del-rosario-toman-posesion-como-funcionarias-de-carrera\/"},"modified":"2025-10-20T17:58:40","modified_gmt":"2025-10-20T16:58:40","slug":"dos-trabajadoras-sociales-del-ayuntamiento-de-puerto-del-rosario-toman-posesion-como-funcionarias-de-carrera","status":"publish","type":"post","link":"https:\/\/informacionlocal.es\/de\/dos-trabajadoras-sociales-del-ayuntamiento-de-puerto-del-rosario-toman-posesion-como-funcionarias-de-carrera\/","title":{"rendered":"Dos trabajadoras sociales del Ayuntamiento de Puerto del Rosario toman posesi\u00f3n como funcionarias de carrera"},"content":{"rendered":"<div class=\"entry-content\">\n<ul>\n<li><span><strong>Se culmina as\u00ed un nuevo proceso selectivo que refuerza la estabilidad del empleo p\u00fablico y la calidad en la atenci\u00f3n a la ciudadan\u00eda<\/strong><\/span><strong>\u00a0<\/strong><\/li>\n<\/ul>\n<p><span><strong>En Puerto del Rosario, a 20 de octubre de 2025.-<\/strong> El Ayuntamiento de Puerto del Rosario ha culminado un nuevo proceso selectivo con el nombramiento de dos trabajadoras sociales como funcionarias de carrera, reforzando su apuesta por el empleo p\u00fablico estable y la mejora continua de los servicios sociales municipales.<\/span><\/p>\n<p><span>El acto de toma de posesi\u00f3n tuvo lugar este viernes en el sal\u00f3n de plenos municipal, con la presencia del alcalde, David de Vera, y de la concejala de Personal, Mar\u00eda Franco, junto a otros miembros del grupo de gobierno y personal t\u00e9cnico del \u00e1rea.<\/span><\/p>\n<p><img loading=\"lazy\" decoding=\"async\" loading=\"lazy\" class=\"size-large wp-image-157352 aligncenter\" src=\"https:\/\/informacionlocal.es\/wp-content\/uploads\/2025\/10\/trabajadoras-sociales-2-1024x768-1.jpeg\" width=\"1024\" height=\"768\" title=\"trabajadoras-sociales-2-1024x768-1\"><\/p>\n<p><span>La consolidaci\u00f3n de estas plazas otorga mayor estabilidad al \u00e1rea de Servicios Sociales, esencial para la atenci\u00f3n directa a la ciudadan\u00eda, especialmente a los colectivos m\u00e1s vulnerables del municipio.<\/span><\/p>\n<p><span>El alcalde, David de Vera, destac\u00f3 que \u201cel nombramiento de estas dos profesionales en el \u00e1rea social supone un paso importante para seguir mejorando la atenci\u00f3n que prestamos a nuestros vecinos, con un personal m\u00e1s estable y comprometido\u201d.<\/span><\/p>\n<div id=\"gallery-1\" class=\"gallery galleryid-157350 gallery-columns-2 gallery-size-full\">\n<dl class=\"gallery-item\">\n<dt class=\"gallery-icon landscape\"><img loading=\"lazy\" decoding=\"async\" width=\"2000\" height=\"1500\" src=\"https:\/\/informacionlocal.es\/wp-content\/uploads\/2025\/10\/trabajadoras-sociales-4.jpeg\" class=\"attachment-full size-full\" loading=\"lazy\" title=\"trabajadoras-sociales-4\"><\/dt>\n<\/dl>\n<dl class=\"gallery-item\">\n<dt class=\"gallery-icon landscape\"><img loading=\"lazy\" decoding=\"async\" width=\"2000\" height=\"1500\" src=\"https:\/\/informacionlocal.es\/wp-content\/uploads\/2025\/10\/trabajadoras-sociales-3.jpeg\" class=\"attachment-full size-full\" loading=\"lazy\" title=\"trabajadoras-sociales-3\"><\/dt>\n<\/dl>\n<p><\/div>\n<p><span>Por su parte, la concejala de Personal, Mar\u00eda Franco, manifest\u00f3 que \u201ccon cada nueva toma de posesi\u00f3n avanzamos hacia el objetivo de estabilizar el empleo p\u00fablico y fortalecer los equipos que sostienen los servicios municipales. Estas trabajadoras sociales aportan experiencia, formaci\u00f3n y una gran vocaci\u00f3n de servicio, elementos fundamentales en un \u00e1rea tan sensible como la social\u201d.<\/span><\/p>\n<p><span>Con esta actuaci\u00f3n, el Consistorio reafirma su compromiso con la estabilidad del empleo p\u00fablico y la consolidaci\u00f3n de servicios esenciales como la atenci\u00f3n social, la orientaci\u00f3n a usuarios y usuarias y el acompa\u00f1amiento a personas en situaci\u00f3n de vulnerabilidad.<\/span><\/p>\n<\/div>\n","protected":false},"excerpt":{"rendered":"<p>Se culmina as\u00ed un nuevo proceso selectivo que refuerza la estabilidad del empleo p\u00fablico y la calidad en la atenci\u00f3n a la ciudadan\u00eda\u00a0 En Puerto del Rosario, a 20 de [&hellip;]<\/p>\n","protected":false},"author":1,"featured_media":12601,"comment_status":"open","ping_status":"open","sticky":false,"template":"","format":"standard","meta":{"inline_featured_image":false,"jnews-multi-image_gallery":[],"jnews_single_post":[],"jnews_primary_category":[],"jnews_social_meta":[],"jnews_override_counter":[],"jnews_post_split":[],"footnotes":""},"categories":[61],"tags":[],"class_list":["post-12599","post","type-post","status-publish","format-standard","has-post-thumbnail","hentry","category-puerto-del-rosario"],"jetpack_featured_media_url":"https:\/\/informacionlocal.es\/wp-content\/uploads\/2025\/10\/trabajadoras-sociales.png","_links":{"self":[{"href":"https:\/\/informacionlocal.es\/de\/wp-json\/wp\/v2\/posts\/12599","targetHints":{"allow":["GET"]}}],"collection":[{"href":"https:\/\/informacionlocal.es\/de\/wp-json\/wp\/v2\/posts"}],"about":[{"href":"https:\/\/informacionlocal.es\/de\/wp-json\/wp\/v2\/types\/post"}],"author":[{"embeddable":true,"href":"https:\/\/informacionlocal.es\/de\/wp-json\/wp\/v2\/users\/1"}],"replies":[{"embeddable":true,"href":"https:\/\/informacionlocal.es\/de\/wp-json\/wp\/v2\/comments?post=12599"}],"version-history":[{"count":0,"href":"https:\/\/informacionlocal.es\/de\/wp-json\/wp\/v2\/posts\/12599\/revisions"}],"wp:featuredmedia":[{"embeddable":true,"href":"https:\/\/informacionlocal.es\/de\/wp-json\/wp\/v2\/media\/12601"}],"wp:attachment":[{"href":"https:\/\/informacionlocal.es\/de\/wp-json\/wp\/v2\/media?parent=12599"}],"wp:term":[{"taxonomy":"category","embeddable":true,"href":"https:\/\/informacionlocal.es\/de\/wp-json\/wp\/v2\/categories?post=12599"},{"taxonomy":"post_tag","embeddable":true,"href":"https:\/\/informacionlocal.es\/de\/wp-json\/wp\/v2\/tags?post=12599"}],"curies":[{"name":"wp","href":"https:\/\/api.w.org\/{rel}","templated":true}]}}