{"id":12557,"date":"2025-10-17T18:59:04","date_gmt":"2025-10-17T17:59:04","guid":{"rendered":"https:\/\/informacionlocal.es\/el-ayuntamiento-de-pajara-mejora-el-entorno-de-la-lajita-con-un-nuevo-espacio-urbano\/"},"modified":"2025-10-17T18:59:04","modified_gmt":"2025-10-17T17:59:04","slug":"el-ayuntamiento-de-pajara-mejora-el-entorno-de-la-lajita-con-un-nuevo-espacio-urbano","status":"publish","type":"post","link":"https:\/\/informacionlocal.es\/de\/el-ayuntamiento-de-pajara-mejora-el-entorno-de-la-lajita-con-un-nuevo-espacio-urbano\/","title":{"rendered":"El Ayuntamiento de P\u00e1jara mejora el entorno de La Lajita con un nuevo espacio urbano"},"content":{"rendered":"<div class=\"entry-content\">\n<p><b><i>El alcalde de P\u00e1jara, Alejandro Jorge, y el concejal de Obras, Alexis Alonso, visitan la actuaci\u00f3n, ya finalizada, que renueva m\u00e1s de 4.000 metros cuadrados de zona p\u00fablica\u00a0<\/i><\/b><\/p>\n<p><span>El alcalde de P\u00e1jara, Alejandro Jorge, y el primer teniente alcalde y concejal de Obras, Alexis Alonso, visitan la nueva zona p\u00fablica de La Lajita, una actuaci\u00f3n ya finalizada que ha supuesto una inversi\u00f3n de m\u00e1s de 700.000 euros. Este nuevo espacio transforma la imagen del n\u00facleo y se consolida como un punto de encuentro y de ocio para los vecinos, vecinas y visitantes.\u00a0<\/span><\/p>\n<p><span>El espacio ocupa una superficie de 4.381 metros cuadrados y contribuye a embellecer el entorno urbano, adem\u00e1s de servir como un nuevo espacio de encuentro para los residentes y turistas.\u00a0<\/span><\/p>\n<p><span>El concejal de Obras, Alexis Alonso, destaca la importancia de seguir impulsando actuaciones para la mejora de los espacios p\u00fablicos. \u201cSupone un cambio para La Lajita, porque se transforma en uno de los puntos de atracci\u00f3n del municipio\u201d. Asimismo, a\u00f1ade que \u201cseguimos trabajando en proyectos que mejoren nuestros espacios p\u00fablicos y la calidad de vida de los vecinos y vecinas\u201d.\u00a0<\/span><\/p>\n<p><span>Por su parte, el alcalde de P\u00e1jara, Alejandro Jorge, asegura que \u201cesta inversi\u00f3n viene a corroborar el objetivo del grupo de gobierno que es el de mejorar los entornos urbanos de forma progresiva, haci\u00e9ndolos m\u00e1s bellos, m\u00e1s accesibles y destinados al disfrute de los vecinos y vecinas y de las personas que nos visitan\u201d.\u00a0<\/span><\/p>\n<p><span>Con la finalizaci\u00f3n de esta actuaci\u00f3n, el Ayuntamiento pone a disposici\u00f3n de residentes y turistas un espacio renovado que combina funcionalidad y est\u00e9tica urbana, consolidando la apuesta municipal por la mejora continua de los n\u00facleos del municipio. <\/span><\/p>\n<\/div>\n","protected":false},"excerpt":{"rendered":"<p><i>El alcalde de P\u00e1jara, Alejandro Jorge, y el concejal de Obras, Alexis Alonso, visitan la actuaci\u00f3n, ya finalizada, que renueva m\u00e1s de 4.000 metros cuadrados de zona p\u00fablica\u00a0<\/i><\/p>\n","protected":false},"author":1,"featured_media":12559,"comment_status":"open","ping_status":"open","sticky":false,"template":"","format":"standard","meta":{"inline_featured_image":false,"jnews-multi-image_gallery":[],"jnews_single_post":[],"jnews_primary_category":[],"jnews_social_meta":[],"jnews_override_counter":[],"jnews_post_split":[],"footnotes":""},"categories":[63],"tags":[],"class_list":["post-12557","post","type-post","status-publish","format-standard","has-post-thumbnail","hentry","category-pajara"],"jetpack_featured_media_url":"https:\/\/informacionlocal.es\/wp-content\/uploads\/2025\/10\/whatsapp-image-2025-10-17-at-14-27-16-1.jpeg","_links":{"self":[{"href":"https:\/\/informacionlocal.es\/de\/wp-json\/wp\/v2\/posts\/12557","targetHints":{"allow":["GET"]}}],"collection":[{"href":"https:\/\/informacionlocal.es\/de\/wp-json\/wp\/v2\/posts"}],"about":[{"href":"https:\/\/informacionlocal.es\/de\/wp-json\/wp\/v2\/types\/post"}],"author":[{"embeddable":true,"href":"https:\/\/informacionlocal.es\/de\/wp-json\/wp\/v2\/users\/1"}],"replies":[{"embeddable":true,"href":"https:\/\/informacionlocal.es\/de\/wp-json\/wp\/v2\/comments?post=12557"}],"version-history":[{"count":0,"href":"https:\/\/informacionlocal.es\/de\/wp-json\/wp\/v2\/posts\/12557\/revisions"}],"wp:featuredmedia":[{"embeddable":true,"href":"https:\/\/informacionlocal.es\/de\/wp-json\/wp\/v2\/media\/12559"}],"wp:attachment":[{"href":"https:\/\/informacionlocal.es\/de\/wp-json\/wp\/v2\/media?parent=12557"}],"wp:term":[{"taxonomy":"category","embeddable":true,"href":"https:\/\/informacionlocal.es\/de\/wp-json\/wp\/v2\/categories?post=12557"},{"taxonomy":"post_tag","embeddable":true,"href":"https:\/\/informacionlocal.es\/de\/wp-json\/wp\/v2\/tags?post=12557"}],"curies":[{"name":"wp","href":"https:\/\/api.w.org\/{rel}","templated":true}]}}