{"id":12551,"date":"2025-10-17T17:58:44","date_gmt":"2025-10-17T16:58:44","guid":{"rendered":"https:\/\/informacionlocal.es\/un-paso-mas-en-materia-de-vivienda-en-corralejo-comienza-la-construccion-de-las-77-viviendas-en-la-boicana\/"},"modified":"2025-10-17T17:58:44","modified_gmt":"2025-10-17T16:58:44","slug":"un-paso-mas-en-materia-de-vivienda-en-corralejo-comienza-la-construccion-de-las-77-viviendas-en-la-boicana","status":"publish","type":"post","link":"https:\/\/informacionlocal.es\/de\/un-paso-mas-en-materia-de-vivienda-en-corralejo-comienza-la-construccion-de-las-77-viviendas-en-la-boicana\/","title":{"rendered":"Un paso m\u00e1s en materia de vivienda en Corralejo: comienza la construcci\u00f3n de las 77 viviendas en La Boicana"},"content":{"rendered":"<p>Cada vez m\u00e1s cerca de mejorar la situaci\u00f3n en materia de vivienda asequible en Corralejo. Ya han comenzado las obras en La Boicana a cargo del Instituto Canario de Vivienda (ICAVI) y gracias a la cesi\u00f3n del terreno por parte del Ayuntamiento de La Oliva. Esta acci\u00f3n responde, de manera directa, a la demanda poblacional, creando as\u00ed 77 viviendas de alquiler asequible y de calidad.<\/p>\n<p>As\u00ed pues, este proyecto forma parte de un planteamiento general gestionado por el Consistorio, al que se suma no solo la construcci\u00f3n de 48 viviendas en Panorama Tres Islas sino tambi\u00e9n la creaci\u00f3n de m\u00e1s de 500 aparcamientos en la localidad del norte. El fin \u00faltimo del gobierno local es garantizar la posibilidad de acceso a una vivienda digna a la poblaci\u00f3n municipal y estabilizar, por tanto, la econom\u00eda de los hogares de La Oliva. <\/p>\n<p>En lo que a plazas de aparcamiento se refiere, el Ayuntamiento ya trabaja en la fase de licitaci\u00f3n del primer proyecto que se desarrollar\u00e1 en la Estaci\u00f3n de Guaguas, una estructura modular que contar\u00e1 con alrededor de 364 plazas divididas en dos plantas de 5000 metros cuadrados. Mientras, se planea un segundo proyecto de calle Palangre, con el prop\u00f3sito de albergar 164 plazas m\u00e1s.<\/p>\n<p>El alcalde de La Oliva, Isa\u00ed Blanco, destaca: \u201cNuestro planteamiento general en materia de vivienda se va materializando. Comenzamos con la construcci\u00f3n de las 77 viviendas de La Bocaina pero no queremos quedarnos solo con esto. Esta acci\u00f3n se acompa\u00f1a de m\u00e1s vivienda de alquiler asequible en Panorama Tres Islas, alrededor de 48 viviendas en total, junto con m\u00e1s de 500 plazas de aparcamiento en el pueblo de Corralejo.\u201d<\/p>\n<p>\u201cSomos conscientes de la nueva realidad a la que se enfrenta el pueblo y, desde el gobierno local tenemos claro que la mejora de la situaci\u00f3n pasa por un planteamiento amplio, m\u00e1s all\u00e1 de acciones aislada, con el fin de que se asegure una vivienda digna para nuestros vecinos y vecinas, a la vez que apostamos por las infraestructuras de nuevos parkings, un hecho que mejorar\u00e1, sin duda, las condiciones de movilidad en el norte\u201d explica Blanco. <\/p>\n<p>El primer teniente alcalde, Julio Santana, manifiesta: \u201cA trav\u00e9s de este paso nos acercamos, cada vez m\u00e1s, a nuestro objetivo de hacer de La Oliva un lugar seguro y asequible para las familias del municipio. Comenzamos con las 77 viviendas en La Boicana pero no nos quedamos solo aqu\u00ed, sino que ya estamos trabajando en los procedimientos para las nuevas construcciones en Panorama Tres Islas, as\u00ed como en las nuevas plazas de aparcamiento que mejorar\u00e1n, considerablemente, la calidad de vida de nuestros vecinos.\u201d<\/p>\n<p>Contin\u00faa as\u00ed, el compromiso del gobierno local con la bienestar y calidad de vida de la ciudadan\u00eda en el municipio, en un plan integral que contempla dos de las grandes demandas del pueblo de Corralejo, m\u00e1s vivienda y plazas de aparcamiento, un avance que se ajuste a la nueva realidad en La Oliva.<\/p>\n","protected":false},"excerpt":{"rendered":"<p><span>El Consistorio contin\u00faa trabajando en su compromiso con los vecinos y vecinas del municipio a trav\u00e9s de un plan integral que contempla actuaciones claras en materia de vivienda y nuevas plazas de aparcamiento<\/span><\/p>\n","protected":false},"author":1,"featured_media":12553,"comment_status":"open","ping_status":"open","sticky":false,"template":"","format":"standard","meta":{"inline_featured_image":false,"jnews-multi-image_gallery":[],"jnews_single_post":[],"jnews_primary_category":[],"jnews_social_meta":[],"jnews_override_counter":[],"jnews_post_split":[],"footnotes":""},"categories":[62],"tags":[],"class_list":["post-12551","post","type-post","status-publish","format-standard","has-post-thumbnail","hentry","category-la-oliva"],"jetpack_featured_media_url":"https:\/\/informacionlocal.es\/wp-content\/uploads\/2025\/10\/5263_66cb1a9a.png","_links":{"self":[{"href":"https:\/\/informacionlocal.es\/de\/wp-json\/wp\/v2\/posts\/12551","targetHints":{"allow":["GET"]}}],"collection":[{"href":"https:\/\/informacionlocal.es\/de\/wp-json\/wp\/v2\/posts"}],"about":[{"href":"https:\/\/informacionlocal.es\/de\/wp-json\/wp\/v2\/types\/post"}],"author":[{"embeddable":true,"href":"https:\/\/informacionlocal.es\/de\/wp-json\/wp\/v2\/users\/1"}],"replies":[{"embeddable":true,"href":"https:\/\/informacionlocal.es\/de\/wp-json\/wp\/v2\/comments?post=12551"}],"version-history":[{"count":0,"href":"https:\/\/informacionlocal.es\/de\/wp-json\/wp\/v2\/posts\/12551\/revisions"}],"wp:featuredmedia":[{"embeddable":true,"href":"https:\/\/informacionlocal.es\/de\/wp-json\/wp\/v2\/media\/12553"}],"wp:attachment":[{"href":"https:\/\/informacionlocal.es\/de\/wp-json\/wp\/v2\/media?parent=12551"}],"wp:term":[{"taxonomy":"category","embeddable":true,"href":"https:\/\/informacionlocal.es\/de\/wp-json\/wp\/v2\/categories?post=12551"},{"taxonomy":"post_tag","embeddable":true,"href":"https:\/\/informacionlocal.es\/de\/wp-json\/wp\/v2\/tags?post=12551"}],"curies":[{"name":"wp","href":"https:\/\/api.w.org\/{rel}","templated":true}]}}