{"id":12503,"date":"2025-10-16T17:58:30","date_gmt":"2025-10-16T16:58:30","guid":{"rendered":"https:\/\/informacionlocal.es\/el-ayuntamiento-de-antigua-y-la-federacion-de-canarias-defiende-y-defendera-la-legalizacion-del-circuito-de-motocross\/"},"modified":"2025-10-16T17:58:30","modified_gmt":"2025-10-16T16:58:30","slug":"el-ayuntamiento-de-antigua-y-la-federacion-de-canarias-defiende-y-defendera-la-legalizacion-del-circuito-de-motocross","status":"publish","type":"post","link":"https:\/\/informacionlocal.es\/de\/el-ayuntamiento-de-antigua-y-la-federacion-de-canarias-defiende-y-defendera-la-legalizacion-del-circuito-de-motocross\/","title":{"rendered":"El Ayuntamiento de Antigua y la Federaci\u00f3n de Canarias defiende y defender\u00e1 la legalizaci\u00f3n del Circuito de Motocross"},"content":{"rendered":"<div class=\"elementor-widget-container\">\n<p><strong>El Ayuntamiento de Antigua y la Federaci\u00f3n de Canarias defiende y defender\u00e1 la legalizaci\u00f3n del Circuito de Motocross<\/strong><\/p>\n<p><strong>\u2022 Si es necesario recurriremos a los tribunales para que sea reconocido legalmente el Circuito de Motocross de Los Alares, constituido y en funcionamiento desde hace treinta a\u00f1os, afirma el alcalde tras la reuni\u00f3n mantenida en el Cabildo de Fuerteventura.<\/strong><\/p>\n<p>El alcalde de Antigua, Mat\u00edas Pe\u00f1a Garc\u00eda, el concejal de Deportes Samuel Torres Mesa, el Delegado en Fuerteventura de la Federaci\u00f3n Canaria de Motociclismo, Jos\u00e9 Aguiar, el representante del club de Antigua, Yeray Gonz\u00e1lez, junto con los t\u00e9cnicos municipales y el ingeniero ambientalista, Carlos Mora, han mantenido una reuni\u00f3n con representantes del Cabildo de Fuerteventura con el fin de abordar la legalizaci\u00f3n del Circuito de Motocross de Los Alares, reconocido como uno de los mejores de Canarias.<\/p>\n<p>El alcalde agradece la presencia de los t\u00e9cnicos insulares, as\u00ed como de la consejera de Ordenaci\u00f3n del Territorio, Nereida Calero y el consejero de Medio Ambiente, Carlos Rodr\u00edguez, que con su presencia muestran la voluntad de alcanzar una v\u00eda legal que reconozca formalmente el Circuito de Los Alares en funcionamiento desde hace treinta a\u00f1os, es decir, a\u00f1ade Mat\u00edas Pe\u00f1a, antes de ser declarada ninguna zona de protecci\u00f3n medioambiental.<\/p>\n<p>El Ayuntamiento de Antigua no descarta ninguna v\u00eda, incluso la judicial, para defender el reconocimiento legal de este Circuito de Motocross, tanto para entrenamientos, celebraci\u00f3n de competiciones o creaci\u00f3n incluso de una futura escuela, se\u00f1ala el concejal de Deportes Samuel Torres, ofreciendo un espacio deportivo y seguro a los aficionados al motocross y evitando que disfruten de esta pr\u00e1ctica en caminos no autorizados o en zonas de alto riesgo.<\/p>\n<\/div>\n","protected":false},"excerpt":{"rendered":"<p><strong>El Ayuntamiento de Antigua y la Federaci\u00f3n de Canarias defiende y defender\u00e1 la legalizaci\u00f3n del Circuito de Motocross<\/strong><\/p>\n","protected":false},"author":1,"featured_media":12505,"comment_status":"open","ping_status":"open","sticky":false,"template":"","format":"standard","meta":{"inline_featured_image":false,"jnews-multi-image_gallery":[],"jnews_single_post":[],"jnews_primary_category":[],"jnews_social_meta":[],"jnews_override_counter":[],"jnews_post_split":[],"footnotes":""},"categories":[59],"tags":[82,76],"class_list":["post-12503","post","type-post","status-publish","format-standard","has-post-thumbnail","hentry","category-antigua","tag-fuerteventura","tag-medio-ambiente"],"jetpack_featured_media_url":"https:\/\/informacionlocal.es\/wp-content\/uploads\/2025\/10\/antigua-defiende-la-legalizacion-del-circuito-de-motocross-de-los-alares.jpg","_links":{"self":[{"href":"https:\/\/informacionlocal.es\/de\/wp-json\/wp\/v2\/posts\/12503","targetHints":{"allow":["GET"]}}],"collection":[{"href":"https:\/\/informacionlocal.es\/de\/wp-json\/wp\/v2\/posts"}],"about":[{"href":"https:\/\/informacionlocal.es\/de\/wp-json\/wp\/v2\/types\/post"}],"author":[{"embeddable":true,"href":"https:\/\/informacionlocal.es\/de\/wp-json\/wp\/v2\/users\/1"}],"replies":[{"embeddable":true,"href":"https:\/\/informacionlocal.es\/de\/wp-json\/wp\/v2\/comments?post=12503"}],"version-history":[{"count":0,"href":"https:\/\/informacionlocal.es\/de\/wp-json\/wp\/v2\/posts\/12503\/revisions"}],"wp:featuredmedia":[{"embeddable":true,"href":"https:\/\/informacionlocal.es\/de\/wp-json\/wp\/v2\/media\/12505"}],"wp:attachment":[{"href":"https:\/\/informacionlocal.es\/de\/wp-json\/wp\/v2\/media?parent=12503"}],"wp:term":[{"taxonomy":"category","embeddable":true,"href":"https:\/\/informacionlocal.es\/de\/wp-json\/wp\/v2\/categories?post=12503"},{"taxonomy":"post_tag","embeddable":true,"href":"https:\/\/informacionlocal.es\/de\/wp-json\/wp\/v2\/tags?post=12503"}],"curies":[{"name":"wp","href":"https:\/\/api.w.org\/{rel}","templated":true}]}}