{"id":1249,"date":"2025-04-10T17:02:38","date_gmt":"2025-04-10T17:02:38","guid":{"rendered":"https:\/\/informacionlocal.es\/die-ersten-24-stunden-der-alarmausrufung-auf-fuerteventura-enden-ohne-relevante-vorfaelle\/"},"modified":"2025-04-14T10:00:57","modified_gmt":"2025-04-14T10:00:57","slug":"die-ersten-24-stunden-der-alarmausrufung-auf-fuerteventura-enden-ohne-relevante-vorfaelle","status":"publish","type":"post","link":"https:\/\/informacionlocal.es\/de\/die-ersten-24-stunden-der-alarmausrufung-auf-fuerteventura-enden-ohne-relevante-vorfaelle\/","title":{"rendered":"Die ersten 24 Stunden der Alarmausrufung auf Fuerteventura enden ohne relevante Vorf\u00e4lle"},"content":{"rendered":"<div class=\"entry-content\"><strong>10 April, 2025<\/strong><\/p>\n<p><strong><em>Inselbeh\u00f6rden wie die Feuerwehr, die Stra\u00dfenmeisterei und der Bau- und Maschinenpark stehen bereit, um bei Bedarf schnell und sicher reagieren zu k\u00f6nnen.<\/em><\/strong><\/p>\n<p>Die ersten 24 Stunden nach der Ausrufung des Regenwarnsystems auf Fuerteventura sind ohne nennenswerte Zwischenf\u00e4lle verlaufen. Das Cabildo und die Gemeinder\u00e4te haben ihre Kr\u00e4fte verst\u00e4rkt, erkl\u00e4rte die Pr\u00e4sidentin des Cabildo, Lola Garc\u00eda, die der Bev\u00f6lkerung f\u00fcr ihre Kooperation bei der Einhaltung der Empfehlungen und Vorsichtsma\u00dfnahmen dankte. <\/p>\n<p>Die Stadtr\u00e4tin f\u00fcr Sicherheit und Notf\u00e4lle, Lolina Negr\u00edn, weist darauf hin, dass &#8222;wir die Inseldienste in Alarmbereitschaft halten, wie z. B. den Brandschutz-, L\u00f6sch- und Rettungsdienst (SPEIS), den Stra\u00dfendienst und den Bau- und Maschinendienst, um im Bedarfsfall eine schnelle und sichere Reaktion zu gew\u00e4hrleisten&#8220;.<\/p>\n<p>In \u00dcbereinstimmung mit dem Dekret 2407\/2025 des Pr\u00e4sidiums des Cabildo hat die Direktion f\u00fcr Notf\u00e4lle mit Unterst\u00fctzung der Technischen Direktion alle notwendigen Ma\u00dfnahmen ergriffen, wie z. B. die Organisation von Bereitschaftsteams in den wichtigsten Dienststellen, um eine Krisensituation zu bew\u00e4ltigen und die Normalit\u00e4t wiederherzustellen.<\/p>\n<p>Die Mobilisierung der notwendigen Mittel und Ressourcen der Inselregierung von Fuerteventura sowie die Einrichtung der Kommunikationssysteme mit dem CECOES 1-1-2 und die Mitteilung der Aktivierung des PEIN von Fuerteventura an die Generaldirektion f\u00fcr Sicherheit und Notf\u00e4lle, den CECOES 1-1-2, die Stadtverwaltungen von Fuerteventura, die Inselverwaltung, das Spanische Rote Kreuz, die Guardia Civil und die Hafenbeh\u00f6rde von Las Palmas schufen ein weites Netz f\u00fcr Sofortma\u00dfnahmen, falls diese erforderlich waren.<\/p>\n<p>Ein Beispiel daf\u00fcr sind die Stra\u00dfensperren des Bau- und Maschinendienstes des Cabildo, die aus zwei Teams bestehen (Mitte-Nord und Mitte-S\u00fcd), die jeweils \u00fcber einen Pritschenwagen f\u00fcr den Transport von Maschinen, eine Baggerschaufel und einen Grader mit ihren jeweiligen Fachkr\u00e4ften verf\u00fcgen.<\/p>\n<p>Die Bev\u00f6lkerung wird dringend gebeten, die folgenden Hinweise zum Selbstschutz der Generaldirektion f\u00fcr Notf\u00e4lle zu beachten: https:\/\/www.gobiernodecanarias.org\/emergencias\/alertas\/consejos\/inundaciones\/inundaciones.html<\/p>\n<\/div>\n","protected":false},"excerpt":{"rendered":"<p><em>Inselbeh\u00f6rden wie die Feuerwehr, die Stra\u00dfenmeisterei und der Bau- und Maschinenpark stehen bereit, um bei Bedarf schnell und sicher reagieren zu k\u00f6nnen.<\/em><\/p>\n","protected":false},"author":1,"featured_media":624,"comment_status":"open","ping_status":"open","sticky":false,"template":"","format":"standard","meta":{"inline_featured_image":false,"jnews-multi-image_gallery":[],"jnews_single_post":[],"jnews_primary_category":[],"jnews_social_meta":[],"jnews_override_counter":[],"jnews_post_split":[],"footnotes":""},"categories":[287],"tags":[304,216,196,197,237,218],"class_list":["post-1249","post","type-post","status-publish","format-standard","has-post-thumbnail","hentry","category-cabildo-de","tag-emergencias","tag-fuerteventura-de","tag-gemeinden","tag-offentliche-dienste","tag-veranstaltungen","tag-verordnungen"],"jetpack_featured_media_url":"https:\/\/informacionlocal.es\/wp-content\/uploads\/2025\/04\/alerta.jpeg","_links":{"self":[{"href":"https:\/\/informacionlocal.es\/de\/wp-json\/wp\/v2\/posts\/1249","targetHints":{"allow":["GET"]}}],"collection":[{"href":"https:\/\/informacionlocal.es\/de\/wp-json\/wp\/v2\/posts"}],"about":[{"href":"https:\/\/informacionlocal.es\/de\/wp-json\/wp\/v2\/types\/post"}],"author":[{"embeddable":true,"href":"https:\/\/informacionlocal.es\/de\/wp-json\/wp\/v2\/users\/1"}],"replies":[{"embeddable":true,"href":"https:\/\/informacionlocal.es\/de\/wp-json\/wp\/v2\/comments?post=1249"}],"version-history":[{"count":1,"href":"https:\/\/informacionlocal.es\/de\/wp-json\/wp\/v2\/posts\/1249\/revisions"}],"predecessor-version":[{"id":1652,"href":"https:\/\/informacionlocal.es\/de\/wp-json\/wp\/v2\/posts\/1249\/revisions\/1652"}],"wp:featuredmedia":[{"embeddable":true,"href":"https:\/\/informacionlocal.es\/de\/wp-json\/wp\/v2\/media\/624"}],"wp:attachment":[{"href":"https:\/\/informacionlocal.es\/de\/wp-json\/wp\/v2\/media?parent=1249"}],"wp:term":[{"taxonomy":"category","embeddable":true,"href":"https:\/\/informacionlocal.es\/de\/wp-json\/wp\/v2\/categories?post=1249"},{"taxonomy":"post_tag","embeddable":true,"href":"https:\/\/informacionlocal.es\/de\/wp-json\/wp\/v2\/tags?post=1249"}],"curies":[{"name":"wp","href":"https:\/\/api.w.org\/{rel}","templated":true}]}}