{"id":1245,"date":"2025-04-10T17:00:30","date_gmt":"2025-04-10T17:00:30","guid":{"rendered":"https:\/\/informacionlocal.es\/der-ringerclub-saladar-de-jandia-bringt-den-kanarischen-ringsport-nach-madrid\/"},"modified":"2025-04-14T10:01:38","modified_gmt":"2025-04-14T10:01:38","slug":"der-ringerclub-saladar-de-jandia-bringt-den-kanarischen-ringsport-nach-madrid","status":"publish","type":"post","link":"https:\/\/informacionlocal.es\/de\/der-ringerclub-saladar-de-jandia-bringt-den-kanarischen-ringsport-nach-madrid\/","title":{"rendered":"Der Ringerclub Saladar de Jand\u00eda bringt den kanarischen Ringsport nach Madrid"},"content":{"rendered":"<div class=\"entry-content\">\n<p><b> <\/b>Das Rathaus von P\u00e1jara teilt \u00fcber die Sportabteilung mit, dass der Ringerclub Saladar de Jand\u00eda ausgew\u00e4hlt wurde, um am ersten Ringkampf au\u00dferhalb der Kanarischen Inseln teilzunehmen, der in Madrid stattfinden wird. Dieser Kampf entspricht der 20. Runde des Torneo Liga Disa Gobierno de Canarias. <\/p>\n<p>Sowohl der B\u00fcrgermeister von P\u00e1jara, Alejandro Jorge, als auch der Stadtrat f\u00fcr Sport, Jos\u00e9 Benito Alonso, werden den Verein bei diesem Ereignis begleiten. Dieser f\u00fcr den kanarischen Sport historische Wettkampf wird auf der Plaza de Callao ausgetragen. Der Verein Majorero wird gegen den Club de Lucha Candelaria antreten. Der Wettkampf findet am 17. Mai statt.   <\/p>\n<p>Das Rathaus von P\u00e1jara hebt die Chance hervor, die es f\u00fcr den Sport in der Gemeinde darstellt, da es ein Meilenstein f\u00fcr unseren lokalen Sport sein wird.<\/p>\n<\/div>\n","protected":false},"excerpt":{"rendered":"<p>Das Rathaus von P\u00e1jara teilt \u00fcber die Sportabteilung mit, dass der Ringerclub Saladar de Jand\u00eda ausgew\u00e4hlt wurde, um am ersten Ringkampf au\u00dferhalb der Kanarischen Inseln teilzunehmen, der in Madrid stattfinden [&hellip;]<\/p>\n","protected":false},"author":1,"featured_media":621,"comment_status":"open","ping_status":"open","sticky":false,"template":"","format":"standard","meta":{"inline_featured_image":false,"jnews-multi-image_gallery":[],"jnews_single_post":[],"jnews_primary_category":[],"jnews_social_meta":[],"jnews_override_counter":[],"jnews_post_split":[],"footnotes":""},"categories":[297],"tags":[216,196,217,237],"class_list":["post-1245","post","type-post","status-publish","format-standard","has-post-thumbnail","hentry","category-pajara-de","tag-fuerteventura-de","tag-gemeinden","tag-kultur-und-freizeit","tag-veranstaltungen"],"jetpack_featured_media_url":"https:\/\/informacionlocal.es\/wp-content\/uploads\/2025\/04\/clsaladar.png","_links":{"self":[{"href":"https:\/\/informacionlocal.es\/de\/wp-json\/wp\/v2\/posts\/1245","targetHints":{"allow":["GET"]}}],"collection":[{"href":"https:\/\/informacionlocal.es\/de\/wp-json\/wp\/v2\/posts"}],"about":[{"href":"https:\/\/informacionlocal.es\/de\/wp-json\/wp\/v2\/types\/post"}],"author":[{"embeddable":true,"href":"https:\/\/informacionlocal.es\/de\/wp-json\/wp\/v2\/users\/1"}],"replies":[{"embeddable":true,"href":"https:\/\/informacionlocal.es\/de\/wp-json\/wp\/v2\/comments?post=1245"}],"version-history":[{"count":1,"href":"https:\/\/informacionlocal.es\/de\/wp-json\/wp\/v2\/posts\/1245\/revisions"}],"predecessor-version":[{"id":1672,"href":"https:\/\/informacionlocal.es\/de\/wp-json\/wp\/v2\/posts\/1245\/revisions\/1672"}],"wp:featuredmedia":[{"embeddable":true,"href":"https:\/\/informacionlocal.es\/de\/wp-json\/wp\/v2\/media\/621"}],"wp:attachment":[{"href":"https:\/\/informacionlocal.es\/de\/wp-json\/wp\/v2\/media?parent=1245"}],"wp:term":[{"taxonomy":"category","embeddable":true,"href":"https:\/\/informacionlocal.es\/de\/wp-json\/wp\/v2\/categories?post=1245"},{"taxonomy":"post_tag","embeddable":true,"href":"https:\/\/informacionlocal.es\/de\/wp-json\/wp\/v2\/tags?post=1245"}],"curies":[{"name":"wp","href":"https:\/\/api.w.org\/{rel}","templated":true}]}}