{"id":12425,"date":"2025-10-15T18:59:42","date_gmt":"2025-10-15T17:59:42","guid":{"rendered":"https:\/\/informacionlocal.es\/el-ceip-morro-jable-ii-inicia-el-curso-2025-2026-con-mas-de-500-estudiantes\/"},"modified":"2025-10-15T18:59:42","modified_gmt":"2025-10-15T17:59:42","slug":"el-ceip-morro-jable-ii-inicia-el-curso-2025-2026-con-mas-de-500-estudiantes","status":"publish","type":"post","link":"https:\/\/informacionlocal.es\/de\/el-ceip-morro-jable-ii-inicia-el-curso-2025-2026-con-mas-de-500-estudiantes\/","title":{"rendered":"El CEIP Morro Jable II inicia el curso 2025\/2026 con m\u00e1s de 500 estudiantes"},"content":{"rendered":"<div class=\"entry-content\">\n<p><b><i>El equipo directivo y el Ayuntamiento coordinan el traslado del alumnado del antiguo CEIP El Ciervo y la implementaci\u00f3n de mejoras en movilidad e infraestructura del centro\u00a0<\/i><\/b><\/p>\n<p><span>El Ayuntamiento de P\u00e1jara, a trav\u00e9s de la Concejal\u00eda de Educaci\u00f3n, ha coordinado junto al equipo directivo del CEIP Morro Jable II el inicio del curso escolar 2025\/2026, que ha comenzado con 520 alumnos y alumnas distribuidos en 29 grupos, desde los dos a\u00f1os hasta sexto de Educaci\u00f3n Primaria, incluyendo dos aulas enclave.\u00a0<\/span><\/p>\n<p><span>El CEIP Morro Jable II, uno de los centros educativos con mayor n\u00famero de alumnado de Canarias, afronta este curso un incremento de unos 350 estudiantes debido a que el antiguo CEIP El Ciervo se ha convertido en un centro de formaci\u00f3n profesional, traslad\u00e1ndose su alumnado a las instalaciones del al actual centro.\u00a0\u00a0<\/span><\/p>\n<p><span>La concejala de Educaci\u00f3n, \u00c1ngeles Acosta, ha destacado el correcto funcionamiento del centro durante las primeras semanas del curso. \u201cDurante el verano, hemos trabajado conjuntamente con el equipo directivo del centro para coordinar el traslado del material y el mobiliario, garantizando que las instalaciones estuvieran completamente preparadas para recibir a los estudiantes\u201d. Adem\u00e1s, quiso a\u00f1adir que \u201cseguimos trabajando en la mejora de las infraestructuras para ofrecer un entorno seguro y funcional\u201d.\u00a0<\/span><\/p>\n<p><span>El concejal de Tr\u00e1fico, Raimundo Dacosta, ha se\u00f1alado las mejoras en el acondicionamiento del entorno del centro.\u201cCon el objetivo de facilitar la llegada y salida del alumnado, hemos habilitado una zona de carga y descarga frente al colegio en horarios de mayor afluencia, de 8:00 a 9:00 y de 13:00 a 14:00 horas, y as\u00ed como las nuevas plazas de aparcamiento que se encuentran alrededor del centro\u201d.\u00a0<\/span><\/p>\n<p><span>Por su parte, el alcalde de P\u00e1jara, Alejandro Jorge, ha subrayado el compromiso del Consistorio con la educaci\u00f3n y con el desarrollo de infraestructuras escolares de calidad. \u201cSeguiremos trabajando codo a codo con los equipos directivos de los centros educativos del municipio para que los cursos escolares se desarrollen de la mejor manera para el alumnado, tal como ha sido en esta ocasi\u00f3n\u201d.\u00a0<\/span><\/p>\n<p><span>Desde el Ayuntamiento de P\u00e1jara se seguir\u00e1n llevando a cabo diversas actuaciones a corto plazo que no interferir\u00e1 en el funcionamiento ordinario del centro. Entre las intervenciones programadas destacan la colocaci\u00f3n de cancelas en las canchas y el acceso al patio de infantil, la creaci\u00f3n de zonas de almacenamiento y el vallado de \u00e1reas con desnivel o altura. Asimismo, se contempla el techado del patio infantil, actuaci\u00f3n financiada por la Consejer\u00eda de Educaci\u00f3n del Gobierno de Canarias.<\/span><\/p>\n<\/div>\n","protected":false},"excerpt":{"rendered":"<p><i>El equipo directivo y el Ayuntamiento coordinan el traslado del alumnado del antiguo CEIP El Ciervo y la implementaci\u00f3n de mejoras en movilidad e infraestructura del centro\u00a0<\/i><\/p>\n","protected":false},"author":1,"featured_media":12427,"comment_status":"open","ping_status":"open","sticky":false,"template":"","format":"standard","meta":{"inline_featured_image":false,"jnews-multi-image_gallery":[],"jnews_single_post":[],"jnews_primary_category":[],"jnews_social_meta":[],"jnews_override_counter":[],"jnews_post_split":[],"footnotes":""},"categories":[63],"tags":[73,181],"class_list":["post-12425","post","type-post","status-publish","format-standard","has-post-thumbnail","hentry","category-pajara","tag-educacion","tag-infraestructuras"],"jetpack_featured_media_url":"https:\/\/informacionlocal.es\/wp-content\/uploads\/2025\/10\/whatsapp-image-2025-10-15-at-11-01-06-e1760526208575.jpeg","_links":{"self":[{"href":"https:\/\/informacionlocal.es\/de\/wp-json\/wp\/v2\/posts\/12425","targetHints":{"allow":["GET"]}}],"collection":[{"href":"https:\/\/informacionlocal.es\/de\/wp-json\/wp\/v2\/posts"}],"about":[{"href":"https:\/\/informacionlocal.es\/de\/wp-json\/wp\/v2\/types\/post"}],"author":[{"embeddable":true,"href":"https:\/\/informacionlocal.es\/de\/wp-json\/wp\/v2\/users\/1"}],"replies":[{"embeddable":true,"href":"https:\/\/informacionlocal.es\/de\/wp-json\/wp\/v2\/comments?post=12425"}],"version-history":[{"count":0,"href":"https:\/\/informacionlocal.es\/de\/wp-json\/wp\/v2\/posts\/12425\/revisions"}],"wp:featuredmedia":[{"embeddable":true,"href":"https:\/\/informacionlocal.es\/de\/wp-json\/wp\/v2\/media\/12427"}],"wp:attachment":[{"href":"https:\/\/informacionlocal.es\/de\/wp-json\/wp\/v2\/media?parent=12425"}],"wp:term":[{"taxonomy":"category","embeddable":true,"href":"https:\/\/informacionlocal.es\/de\/wp-json\/wp\/v2\/categories?post=12425"},{"taxonomy":"post_tag","embeddable":true,"href":"https:\/\/informacionlocal.es\/de\/wp-json\/wp\/v2\/tags?post=12425"}],"curies":[{"name":"wp","href":"https:\/\/api.w.org\/{rel}","templated":true}]}}