{"id":1238,"date":"2025-04-10T16:56:34","date_gmt":"2025-04-10T16:56:34","guid":{"rendered":"https:\/\/informacionlocal.es\/puerto-del-rosario-foerdert-eine-bildungskonferenz-ueber-die-referenzzentren-fuer-die-erziehung-zu-den-kinderrechten\/"},"modified":"2025-04-14T10:05:56","modified_gmt":"2025-04-14T10:05:56","slug":"puerto-del-rosario-foerdert-eine-bildungskonferenz-ueber-die-referenzzentren-fuer-die-erziehung-zu-den-kinderrechten","status":"publish","type":"post","link":"https:\/\/informacionlocal.es\/de\/puerto-del-rosario-foerdert-eine-bildungskonferenz-ueber-die-referenzzentren-fuer-die-erziehung-zu-den-kinderrechten\/","title":{"rendered":"Puerto del Rosario f\u00f6rdert eine Bildungskonferenz \u00fcber die Referenzzentren f\u00fcr die Erziehung zu den Kinderrechten."},"content":{"rendered":"<div class=\"entry-content\">\n<p><strong> <\/strong>Im Rahmen der Initiative &#8222;Kinderfreundliche Stadt&#8220; hat die Stadtverwaltung von Puerto del Rosario eine Bildungskonferenz f\u00fcr die Schulleitungen aller Schulen der Gemeinde organisiert. An der Sitzung nahm die <strong>Koordinatorin von UNICEF Education Spain, Aridane Hern\u00e1ndez<\/strong>, teil, die das Projekt Centros Referentes en Educaci\u00f3n en Derechos de Infancia vorstellte. <\/p>\n<p>Ziel dieses Tages war es, das Bewusstsein f\u00fcr diese UNICEF-Initiative zu sch\u00e4rfen, die darauf abzielt, die Bildung auf der Grundlage der Kinderrechte zu f\u00f6rdern, die Beteiligung der Kinder zu unterst\u00fctzen und ein integrativeres und respektvolleres schulisches Umfeld f\u00fcr Kinder und Jugendliche zu schaffen.<\/p>\n<p>W\u00e4hrend des Treffens wurde er\u00f6rtert, wie Schulen diese Anerkennung umsetzen k\u00f6nnen, wobei die grundlegende Rolle der Bildungsgemeinschaft bei der Umsetzung der Kinderrechte im schulischen Umfeld hervorgehoben wurde. Au\u00dferdem wurden Erfahrungen und bew\u00e4hrte Praktiken aus anderen Gemeinden und Zentren ausgetauscht, die bereits als Benchmarks f\u00fcr die Rechteerziehung anerkannt sind. <\/p>\n<p>Es wurden auch Exemplare des Comics &#8222;Ahora si me gustan las calabazas&#8220; (Jetzt mag ich K\u00fcrbisse) verteilt. Diese freundlichen Dokumente sollen Sch\u00fclern von der 4. Klasse der Grundschule bis zur 2. ESO auf spielerische Art und Weise etwas \u00fcber Partizipation und Kinderrechte vermitteln. <\/p>\n<p>Die Stadtverwaltung von Puerto del Rosario unterst\u00fctzt mit ihrem Engagement f\u00fcr die Initiative &#8222;Kinderfreundliche Stadt&#8220; weiterhin eine Bildungspolitik, die das Wohlergehen und die Beteiligung von Kindern am st\u00e4dtischen Leben gew\u00e4hrleistet.<\/p>\n<p>An diesem Tag nahmen teil: die  <strong>B\u00fcrgermeister, David de Vera,<\/strong>  der den Mitarbeitern der Zentren f\u00fcr ihr Engagement und ihre kontinuierliche Arbeit dankte, die von grundlegender Bedeutung f\u00fcr den Aufbau einer Zukunft ist, in der sich jedes Kind und jeder Jugendliche in unserer Gemeinde geh\u00f6rt, gesch\u00e4tzt und gesch\u00fctzt f\u00fchlt und die  <strong>Stadtrat f\u00fcr Bildung, Juan Manuel Verdugo<\/strong>Sie dr\u00fcckte ihre Begeisterung aus, als sie \u00fcber die Referenzzentren f\u00fcr Kinderrechte sprach. Sie sagte, dass sie \u00fcber Bildungszentren spricht, die nicht nur unterrichten, sondern ihren Sch\u00fclern auch zuh\u00f6ren, sie sch\u00fctzen und st\u00e4rken, sowie \u00fcber die  <strong>UNICEF-Koordinatorin f\u00fcr die KANARISCHEN INSELN Rosario P\u00e9rez<\/strong>Sie begr\u00fc\u00dfte diese Initiative, die es erm\u00f6glicht, die Partizipation in Umgebungen fortzusetzen, in denen Kinder und Jugendliche zusammenleben.<\/p>\n<\/p>\n<\/div>\n","protected":false},"excerpt":{"rendered":"<p>Im Rahmen der Initiative &#8222;Kinderfreundliche Stadt&#8220; hat die Stadtverwaltung von Puerto del Rosario eine Bildungskonferenz f\u00fcr die Schulleitungen aller Schulen der Gemeinde organisiert. An der Sitzung nahm die Koordinatorin von [&hellip;]<\/p>\n","protected":false},"author":1,"featured_media":615,"comment_status":"open","ping_status":"open","sticky":false,"template":"","format":"standard","meta":{"inline_featured_image":false,"jnews-multi-image_gallery":[],"jnews_single_post":[],"jnews_primary_category":[],"jnews_social_meta":[],"jnews_override_counter":[],"jnews_post_split":[],"footnotes":""},"categories":[293],"tags":[214,306,196,213,217,218],"class_list":["post-1238","post","type-post","status-publish","format-standard","has-post-thumbnail","hentry","category-puerto-del-rosario-de","tag-bildung","tag-educacion-de","tag-gemeinden","tag-integration-de","tag-kultur-und-freizeit","tag-verordnungen"],"jetpack_featured_media_url":"https:\/\/informacionlocal.es\/wp-content\/uploads\/2025\/04\/cai-11-unicef-0325-publico-alcalde-verdugo-ponente-scaled-1.jpg","_links":{"self":[{"href":"https:\/\/informacionlocal.es\/de\/wp-json\/wp\/v2\/posts\/1238","targetHints":{"allow":["GET"]}}],"collection":[{"href":"https:\/\/informacionlocal.es\/de\/wp-json\/wp\/v2\/posts"}],"about":[{"href":"https:\/\/informacionlocal.es\/de\/wp-json\/wp\/v2\/types\/post"}],"author":[{"embeddable":true,"href":"https:\/\/informacionlocal.es\/de\/wp-json\/wp\/v2\/users\/1"}],"replies":[{"embeddable":true,"href":"https:\/\/informacionlocal.es\/de\/wp-json\/wp\/v2\/comments?post=1238"}],"version-history":[{"count":1,"href":"https:\/\/informacionlocal.es\/de\/wp-json\/wp\/v2\/posts\/1238\/revisions"}],"predecessor-version":[{"id":1718,"href":"https:\/\/informacionlocal.es\/de\/wp-json\/wp\/v2\/posts\/1238\/revisions\/1718"}],"wp:featuredmedia":[{"embeddable":true,"href":"https:\/\/informacionlocal.es\/de\/wp-json\/wp\/v2\/media\/615"}],"wp:attachment":[{"href":"https:\/\/informacionlocal.es\/de\/wp-json\/wp\/v2\/media?parent=1238"}],"wp:term":[{"taxonomy":"category","embeddable":true,"href":"https:\/\/informacionlocal.es\/de\/wp-json\/wp\/v2\/categories?post=1238"},{"taxonomy":"post_tag","embeddable":true,"href":"https:\/\/informacionlocal.es\/de\/wp-json\/wp\/v2\/tags?post=1238"}],"curies":[{"name":"wp","href":"https:\/\/api.w.org\/{rel}","templated":true}]}}