{"id":12377,"date":"2025-10-14T23:58:22","date_gmt":"2025-10-14T22:58:22","guid":{"rendered":"https:\/\/informacionlocal.es\/lola-garcia-lamenta-que-el-partido-popular-reaccione-ahora-y-pide-que-no-se-politice-con-la-central-del-charco-una-demanda-historica-del-barrio\/"},"modified":"2025-10-14T23:58:22","modified_gmt":"2025-10-14T22:58:22","slug":"lola-garcia-lamenta-que-el-partido-popular-reaccione-ahora-y-pide-que-no-se-politice-con-la-central-del-charco-una-demanda-historica-del-barrio","status":"publish","type":"post","link":"https:\/\/informacionlocal.es\/de\/lola-garcia-lamenta-que-el-partido-popular-reaccione-ahora-y-pide-que-no-se-politice-con-la-central-del-charco-una-demanda-historica-del-barrio\/","title":{"rendered":"Lola Garc\u00eda lamenta que el Partido Popular reaccione ahora y pide que no se politice con la Central del Charco, una demanda hist\u00f3rica del barrio."},"content":{"rendered":"<div class=\"entry-content\"><strong>14 octubre, 2025<\/strong><\/p>\n<p>La presidenta del Cabildo de Fuerteventura,\u00a0Lola Garc\u00eda, ha lamentado que\u00a0el Partido Popular haya tardado tanto en reconocer que el momento de trasladar la central del Charco es ahora, una medida que \u201cla ciudadan\u00eda de Puerto del Rosario y, especialmente, el barrio del Charco, lleva reclamando desde hace d\u00e9cadas\u201d.<\/p>\n<p>Garc\u00eda pidi\u00f3 que \u201cno se politice un asunto tan serio como este, que afecta no solo al futuro energ\u00e9tico y medioambiental de Fuerteventura, sino tambi\u00e9n a la calidad de vida de la poblaci\u00f3n de la capital\u201d, recordando que \u201chan sido las administraciones locales, Cabildo y ayuntamientos, las que han hecho los deberes para avanzar hacia una soluci\u00f3n real y sostenible\u201d.<\/p>\n<p>La presidenta destac\u00f3 que\u00a0fueron precisamente el Cabildo y los ayuntamientos quienes presentaron alegaciones al concurso energ\u00e9tico del Ministerio, con el objetivo de\u00a0evitar que la zona de El Charco siguiera apareciendo como \u201czona preferente para la implantaci\u00f3n de nuevos cupos de energ\u00eda\u201d.<\/p>\n<p>Garc\u00eda record\u00f3 adem\u00e1s que,\u00a0a pesar de haber tenido ministros canarios del Partido Popular al frente del Ministerio de Industria, y que actualmente la planificaci\u00f3n energ\u00e9tica sea competencia del Gobierno de Canarias, a trav\u00e9s de la Consejer\u00eda de Transici\u00f3n Ecol\u00f3gica, tambi\u00e9n en manos del PP,\u00a0ni unos ni otros han impulsado una soluci\u00f3n real para Fuerteventura.<\/p>\n<p>\u201cPor primera vez, un alcalde y una presidenta del Cabildo se han sentado con el Ministerio para desbloquear esta situaci\u00f3n\u00a0y avanzar en una propuesta t\u00e9cnica y urban\u00edstica viable\u201d, se\u00f1al\u00f3 Garc\u00eda, quien\u00a0lament\u00f3 que ahora se pretenda politizar una lucha que ha sido, durante d\u00e9cadas, la lucha de todo un pueblo.<\/p>\n<p>La presidenta record\u00f3 tambi\u00e9n que\u00a0la opci\u00f3n de Zurita est\u00e1 permitida en el Plan General de Puerto del Rosario, y que\u00a0el Ayuntamiento ha ido m\u00e1s all\u00e1, poniendo a disposici\u00f3n suelo para la empresa que resulte adjudicataria del nuevo concurso y que asuma el suministro energ\u00e9tico de la Isla.<\/p>\n<p>Finalmente, Garc\u00eda destac\u00f3 \u201cel papel del vecindario del Charco, cuya constancia y compromiso han sido esenciales para mantener viva esta reivindicaci\u00f3n durante tantos a\u00f1os\u201d.<\/p>\n<p>\u201cLo que Fuerteventura necesita ahora no son titulares, sino coordinaci\u00f3n y trabajo conjunto entre administraciones\u00a0para lograr que la central\u00a0salga definitivamente del Charco\u00a0y se avance hacia un\u00a0modelo energ\u00e9tico moderno, sostenible y respetuoso con la ciudadan\u00eda\u201d, concluy\u00f3.<\/p>\n<\/div>\n","protected":false},"excerpt":{"rendered":"<p>14 octubre, 2025 La presidenta del Cabildo de Fuerteventura,\u00a0Lola Garc\u00eda, ha lamentado que\u00a0el Partido Popular haya tardado tanto en reconocer que el momento de trasladar la central del Charco es [&hellip;]<\/p>\n","protected":false},"author":1,"featured_media":12379,"comment_status":"open","ping_status":"open","sticky":false,"template":"","format":"standard","meta":{"inline_featured_image":false,"jnews-multi-image_gallery":[],"jnews_single_post":[],"jnews_primary_category":[],"jnews_social_meta":[],"jnews_override_counter":[],"jnews_post_split":[],"footnotes":""},"categories":[58],"tags":[82],"class_list":["post-12377","post","type-post","status-publish","format-standard","has-post-thumbnail","hentry","category-cabildo","tag-fuerteventura"],"jetpack_featured_media_url":"https:\/\/informacionlocal.es\/wp-content\/uploads\/2025\/10\/whatsapp-image-2025-10-14-at-09-23-16.jpeg","_links":{"self":[{"href":"https:\/\/informacionlocal.es\/de\/wp-json\/wp\/v2\/posts\/12377","targetHints":{"allow":["GET"]}}],"collection":[{"href":"https:\/\/informacionlocal.es\/de\/wp-json\/wp\/v2\/posts"}],"about":[{"href":"https:\/\/informacionlocal.es\/de\/wp-json\/wp\/v2\/types\/post"}],"author":[{"embeddable":true,"href":"https:\/\/informacionlocal.es\/de\/wp-json\/wp\/v2\/users\/1"}],"replies":[{"embeddable":true,"href":"https:\/\/informacionlocal.es\/de\/wp-json\/wp\/v2\/comments?post=12377"}],"version-history":[{"count":0,"href":"https:\/\/informacionlocal.es\/de\/wp-json\/wp\/v2\/posts\/12377\/revisions"}],"wp:featuredmedia":[{"embeddable":true,"href":"https:\/\/informacionlocal.es\/de\/wp-json\/wp\/v2\/media\/12379"}],"wp:attachment":[{"href":"https:\/\/informacionlocal.es\/de\/wp-json\/wp\/v2\/media?parent=12377"}],"wp:term":[{"taxonomy":"category","embeddable":true,"href":"https:\/\/informacionlocal.es\/de\/wp-json\/wp\/v2\/categories?post=12377"},{"taxonomy":"post_tag","embeddable":true,"href":"https:\/\/informacionlocal.es\/de\/wp-json\/wp\/v2\/tags?post=12377"}],"curies":[{"name":"wp","href":"https:\/\/api.w.org\/{rel}","templated":true}]}}