{"id":1232,"date":"2025-04-11T08:18:36","date_gmt":"2025-04-11T08:18:36","guid":{"rendered":"https:\/\/informacionlocal.es\/tuineje-bereitet-sich-auf-die-feierlichkeiten-zum-welttag-des-buches-vor\/"},"modified":"2025-04-14T10:04:12","modified_gmt":"2025-04-14T10:04:12","slug":"tuineje-bereitet-sich-auf-die-feierlichkeiten-zum-welttag-des-buches-vor","status":"publish","type":"post","link":"https:\/\/informacionlocal.es\/de\/tuineje-bereitet-sich-auf-die-feierlichkeiten-zum-welttag-des-buches-vor\/","title":{"rendered":"Tuineje bereitet sich auf die Feierlichkeiten zum Welttag des Buches vor"},"content":{"rendered":"<div class=\"article-content-inner\">\n<h2 class=\"wp-block-heading\"><em>Die Gemeinde organisiert eine Woche voller literarischer Aktivit\u00e4ten f\u00fcr alle Altersgruppen<\/em><\/h2>\n<p>Die Stadtverwaltung von Tuineje, die von der Abteilung f\u00fcr Kultur unter der Leitung von Dulce Garc\u00eda geleitet wird, hat ein vielf\u00e4ltiges Programm zum Welttag des Buches am <strong>23. April 2025<\/strong> organisiert, das von Wettbewerben, Erz\u00e4hlungen und Literaturmessen bis hin zu Ehrungen lokaler Schriftsteller und Leser reicht. Die Initiativen finden haupts\u00e4chlich in <strong>Gran Tarajal<\/strong> statt, werden aber in den folgenden Tagen auch auf andere Kulturzentren der Gemeinde ausgeweitet. <\/p>\n<div class=\"wp-block-image\">\n<figure class=\"alignleft size-large is-resized\"><img fetchpriority=\"high\" decoding=\"async\" width=\"724\" height=\"1024\" src=\"https:\/\/informacionlocal.es\/wp-content\/uploads\/2025\/04\/cartel-d-libro-724x1024-1.jpeg\" class=\"wp-image-7706\" title=\"cartel-d-libro-724x1024-1\"><\/figure>\n<\/div>\n<p>Zu den H\u00f6hepunkten geh\u00f6rt die vierte Ausgabe von <strong>Efimares<\/strong>, einem originellen Wettbewerb f\u00fcr Mikrogeschichten, die in den Sand des Strandes von Gran Tarajal geschrieben werden. Das Thema lautet &#8222;Meeresbrise&#8220;. Die Gewinnergeschichten werden an eine Wand in der Gemeinde gemalt. Au\u00dferdem gibt es <strong>Erz\u00e4hlungen des bekannten Erz\u00e4hlers Javier Bolea<\/strong>, eine Buchmesse mit St\u00e4nden lokaler Autoren sowie Puppen- und Tanzvorf\u00fchrungen.  <\/p>\n<p><strong>Kulturstadtr\u00e4tin Dulce Garc\u00eda<\/strong> erkl\u00e4rte: &#8222;Wir haben ein Programm ausgearbeitet, das der \u00d6ffentlichkeit Literatur auf kreative, unterhaltsame und partizipatorische Weise n\u00e4her bringen, das Lesen von klein auf f\u00f6rdern und lokale Talente hervorheben soll.<\/p>\n<p>Die <strong>B\u00fcrgermeisterin von Tuineje, Candelaria Umpi\u00e9rrez<\/strong>, betonte ihrerseits, dass &#8222;B\u00fccher nach wie vor ein wesentliches Instrument f\u00fcr den Aufbau einer kritischen und freien B\u00fcrgerschaft sind. Das Rathaus setzt sich nachdr\u00fccklich f\u00fcr die Kultur als Motor der sozialen Entwicklung ein&#8220;.<\/p>\n<p>Die Aktivit\u00e4ten werden am <strong>28. und 29. April sowie am 1. Mai<\/strong> mit Erz\u00e4hlungen in den Kulturzentren von <strong>Tiscamanita, Tarajalejo und Tuineje<\/strong> fortgesetzt, so dass das Fest des Buches die ganze Woche \u00fcber lebendig bleibt.<\/p>\n<\/div>\n","protected":false},"excerpt":{"rendered":"<p>Die Gemeinde organisiert eine Woche voller literarischer Aktivit\u00e4ten f\u00fcr alle Altersgruppen Die Stadtverwaltung von Tuineje, die von der Abteilung f\u00fcr Kultur unter der Leitung von Dulce Garc\u00eda geleitet wird, hat [&hellip;]<\/p>\n","protected":false},"author":1,"featured_media":834,"comment_status":"open","ping_status":"open","sticky":false,"template":"","format":"standard","meta":{"inline_featured_image":false,"jnews-multi-image_gallery":[],"jnews_single_post":[],"jnews_primary_category":[],"jnews_social_meta":[],"jnews_override_counter":[],"jnews_post_split":[],"footnotes":""},"categories":[299],"tags":[216,196,217,237],"class_list":["post-1232","post","type-post","status-publish","format-standard","has-post-thumbnail","hentry","category-tuineje-de","tag-fuerteventura-de","tag-gemeinden","tag-kultur-und-freizeit","tag-veranstaltungen"],"jetpack_featured_media_url":"https:\/\/informacionlocal.es\/wp-content\/uploads\/2025\/04\/captura-de-pantalla-2025-04-11-a-las-8-53-49-1024x608-1.png","_links":{"self":[{"href":"https:\/\/informacionlocal.es\/de\/wp-json\/wp\/v2\/posts\/1232","targetHints":{"allow":["GET"]}}],"collection":[{"href":"https:\/\/informacionlocal.es\/de\/wp-json\/wp\/v2\/posts"}],"about":[{"href":"https:\/\/informacionlocal.es\/de\/wp-json\/wp\/v2\/types\/post"}],"author":[{"embeddable":true,"href":"https:\/\/informacionlocal.es\/de\/wp-json\/wp\/v2\/users\/1"}],"replies":[{"embeddable":true,"href":"https:\/\/informacionlocal.es\/de\/wp-json\/wp\/v2\/comments?post=1232"}],"version-history":[{"count":1,"href":"https:\/\/informacionlocal.es\/de\/wp-json\/wp\/v2\/posts\/1232\/revisions"}],"predecessor-version":[{"id":1690,"href":"https:\/\/informacionlocal.es\/de\/wp-json\/wp\/v2\/posts\/1232\/revisions\/1690"}],"wp:featuredmedia":[{"embeddable":true,"href":"https:\/\/informacionlocal.es\/de\/wp-json\/wp\/v2\/media\/834"}],"wp:attachment":[{"href":"https:\/\/informacionlocal.es\/de\/wp-json\/wp\/v2\/media?parent=1232"}],"wp:term":[{"taxonomy":"category","embeddable":true,"href":"https:\/\/informacionlocal.es\/de\/wp-json\/wp\/v2\/categories?post=1232"},{"taxonomy":"post_tag","embeddable":true,"href":"https:\/\/informacionlocal.es\/de\/wp-json\/wp\/v2\/tags?post=1232"}],"curies":[{"name":"wp","href":"https:\/\/api.w.org\/{rel}","templated":true}]}}