{"id":12295,"date":"2025-10-14T09:01:47","date_gmt":"2025-10-14T08:01:47","guid":{"rendered":"https:\/\/informacionlocal.es\/el-cabildo-impulsa-la-creatividad-del-alumnado-majorero-con-el-i-encuentro-insular-de-radios-escolares\/"},"modified":"2025-10-14T09:01:47","modified_gmt":"2025-10-14T08:01:47","slug":"el-cabildo-impulsa-la-creatividad-del-alumnado-majorero-con-el-i-encuentro-insular-de-radios-escolares","status":"publish","type":"post","link":"https:\/\/informacionlocal.es\/de\/el-cabildo-impulsa-la-creatividad-del-alumnado-majorero-con-el-i-encuentro-insular-de-radios-escolares\/","title":{"rendered":"El Cabildo impulsa la creatividad del alumnado majorero con el I Encuentro Insular de Radios Escolares"},"content":{"rendered":"<div class=\"entry-content\"><strong>14 octubre, 2025<\/strong><\/p>\n<p><strong><em>El evento, que tendr\u00e1 lugar el 21 de noviembre, incluir\u00e1 el Premio<br \/>\nECCA para reconocer la creatividad y el talento radiof\u00f3nico del alumnado<br \/>\nmajorero<\/em><\/strong><\/p>\n<p>El Cabildo de Fuerteventura, a trav\u00e9s de la consejer\u00eda de<br \/>\nEducaci\u00f3n y Juventud, dirigida por Adargoma Hern\u00e1ndez, organiza el I Encuentro<br \/>\nInsular de Radios Escolares, una cita se celebrar\u00e1 el viernes 21 de noviembre,<br \/>\nde 9.30 a 13.00 horas, en el Centro Insular de Juventud.<\/p>\n<p>Docentes, alumnado y profesionales del \u00e1mbito radiof\u00f3nico<br \/>\nparticipar\u00e1n en la jornada con el objetivo de reconocer y fomentar la<br \/>\ncreatividad, el trabajo en equipo y la calidad de las producciones radiof\u00f3nicas<br \/>\nrealizadas por el alumnado de los centros educativos de la isla.<\/p>\n<p>Bajo un programa de ponencias y talleres pr\u00e1cticos, participar\u00e1n<br \/>\nreconocidos periodistas como Tom\u00e1s Galv\u00e1n, de Canarias Radio; Pablo Anzola, de<br \/>\nCadena SER; Diego Fortea, de Onda Cero; y Fernando Mart\u00edn, de Cadena 100, entre<br \/>\notros.<\/p>\n<p>Seg\u00fan Hern\u00e1ndez, el uso de la radio en el \u00e1mbito escolar<br \/>\nrepresenta mucho m\u00e1s que una actividad complementaria o una experiencia puntual<br \/>\ndentro del aula. Se ha consolidado como una poderosa herramienta pedag\u00f3gica,<br \/>\ncapaz de transformar el proceso de ense\u00f1anza-aprendizaje en una experiencia<br \/>\nactiva, significativa y profundamente motivadora para el alumnado. En un<br \/>\ncontexto educativo que apuesta por metodolog\u00edas activas, la radio escolar se<br \/>\nerige como un espacio de participaci\u00f3n, creatividad, inclusi\u00f3n y desarrollo de<br \/>\ncompetencias clave.<\/p>\n<p>El consejero insular explica que, durante la jornada, se har\u00e1<br \/>\nentrega del Premio ECCA a las radios escolares de Fuerteventura, que reconocer\u00e1<br \/>\nlas mejores producciones radiof\u00f3nicas del alumnado en tres categor\u00edas: Mejor<br \/>\nentrevista, Mejor contenido de entretenimiento y Mejor reportaje.<\/p>\n<p>Cada galard\u00f3n contar\u00e1 con una dotaci\u00f3n de 300 euros para la mejora<br \/>\ndel equipamiento de las radios premiadas.<\/p>\n<p>Los centros educativos podr\u00e1n inscribirse al encuentro hasta el 24<br \/>\nde octubre a trav\u00e9s del formulario https:\/\/forms.gle\/5KFFFgncmhk5DWZj8 y<br \/>\npresentar sus candidaturas al Premio ECCA hasta el 10 de noviembre en https:\/\/forms.gle\/EXCMWimX4UjewJST6.<\/p>\n<p>El consejero apunta que \u201cla denominaci\u00f3n de ECCA para este premio,<br \/>\nes tambi\u00e9n un reconocimiento a la emisora de radio educativa de Canarias que ha<br \/>\ncontribuido de manera decisiva a la formaci\u00f3n, la informaci\u00f3n y el<br \/>\nentretenimiento de toda una generaci\u00f3n\u201d.<\/p>\n<\/div>\n","protected":false},"excerpt":{"rendered":"<p>14 octubre, 2025 El evento, que tendr\u00e1 lugar el 21 de noviembre, incluir\u00e1 el Premio ECCA para reconocer la creatividad y el talento radiof\u00f3nico del alumnado majorero El Cabildo de [&hellip;]<\/p>\n","protected":false},"author":1,"featured_media":12297,"comment_status":"open","ping_status":"open","sticky":false,"template":"","format":"standard","meta":{"inline_featured_image":false,"jnews-multi-image_gallery":[],"jnews_single_post":[],"jnews_primary_category":[],"jnews_social_meta":[],"jnews_override_counter":[],"jnews_post_split":[],"footnotes":""},"categories":[58],"tags":[73,82],"class_list":["post-12295","post","type-post","status-publish","format-standard","has-post-thumbnail","hentry","category-cabildo","tag-educacion","tag-fuerteventura"],"jetpack_featured_media_url":"https:\/\/informacionlocal.es\/wp-content\/uploads\/2025\/10\/premio-ecca.jpeg","_links":{"self":[{"href":"https:\/\/informacionlocal.es\/de\/wp-json\/wp\/v2\/posts\/12295","targetHints":{"allow":["GET"]}}],"collection":[{"href":"https:\/\/informacionlocal.es\/de\/wp-json\/wp\/v2\/posts"}],"about":[{"href":"https:\/\/informacionlocal.es\/de\/wp-json\/wp\/v2\/types\/post"}],"author":[{"embeddable":true,"href":"https:\/\/informacionlocal.es\/de\/wp-json\/wp\/v2\/users\/1"}],"replies":[{"embeddable":true,"href":"https:\/\/informacionlocal.es\/de\/wp-json\/wp\/v2\/comments?post=12295"}],"version-history":[{"count":0,"href":"https:\/\/informacionlocal.es\/de\/wp-json\/wp\/v2\/posts\/12295\/revisions"}],"wp:featuredmedia":[{"embeddable":true,"href":"https:\/\/informacionlocal.es\/de\/wp-json\/wp\/v2\/media\/12297"}],"wp:attachment":[{"href":"https:\/\/informacionlocal.es\/de\/wp-json\/wp\/v2\/media?parent=12295"}],"wp:term":[{"taxonomy":"category","embeddable":true,"href":"https:\/\/informacionlocal.es\/de\/wp-json\/wp\/v2\/categories?post=12295"},{"taxonomy":"post_tag","embeddable":true,"href":"https:\/\/informacionlocal.es\/de\/wp-json\/wp\/v2\/tags?post=12295"}],"curies":[{"name":"wp","href":"https:\/\/api.w.org\/{rel}","templated":true}]}}