{"id":12283,"date":"2025-10-13T20:58:29","date_gmt":"2025-10-13T19:58:29","guid":{"rendered":"https:\/\/informacionlocal.es\/la-ii-jornada-tecnica-medioambiental-del-cabildo-aborda-grandes-retos-ambientales-para-las-islas\/"},"modified":"2025-10-13T20:58:29","modified_gmt":"2025-10-13T19:58:29","slug":"la-ii-jornada-tecnica-medioambiental-del-cabildo-aborda-grandes-retos-ambientales-para-las-islas","status":"publish","type":"post","link":"https:\/\/informacionlocal.es\/de\/la-ii-jornada-tecnica-medioambiental-del-cabildo-aborda-grandes-retos-ambientales-para-las-islas\/","title":{"rendered":"La II Jornada T\u00e9cnica Medioambiental del Cabildo aborda grandes retos ambientales para las islas"},"content":{"rendered":"<div class=\"entry-content\"><strong>13 octubre, 2025<\/strong><\/p>\n<p><strong><em>El encuentro tendr\u00e1 lugar ma\u00f1ana en el Palacio de Formaci\u00f3n y<br \/>\nCongresos con la presencia de grandes de cient\u00edficos e investigadores<\/em><\/strong><\/p>\n<p>El Cabildo de Fuerteventura, a trav\u00e9s de la Consejer\u00eda de Medio<br \/>\nAmbiente que dirige Carlos Rodr\u00edguez, organiza la II Jornada T\u00e9cnica<br \/>\nMedioambiental, dentro del Programa de Conferencias, Jornadas y Cursos<br \/>\nMedioambientales 2025. Un proyecto con el objetivo de generar conocimiento,<br \/>\nreflexi\u00f3n y acci\u00f3n en torno a los grandes retos de nuestro tiempo.<\/p>\n<p>La jornada est\u00e1 dirigida a la ciudadan\u00eda interesada en las<br \/>\ncuestiones ambientales y se requiere inscripci\u00f3n previa en la p\u00e1gina web<br \/>\noficial https:\/\/cama2025.eventosendirecto.es\/II_jornada_tecnica_medioambiental#tatsu-section-KK2Q3lx3sTym,<br \/>\nadem\u00e1s<br \/>\nde la posibilidad de hacerlo de manera presencial al comienzo de la jornada.<\/p>\n<p>Bajo el lema \u201cClima, Aire y Oc\u00e9anos: Conocimiento para la Acci\u00f3n\u201d,<br \/>\nla cita se celebrar\u00e1 ma\u00f1ana, 14 de octubre, en el Palacio de Formaci\u00f3n y<br \/>\nCongresos, de 9.00 a 13.30 horas. Reunir\u00e1 en la isla a especialistas de<br \/>\nreconocido prestigio que analizar\u00e1n, desde distintas perspectivas, la relaci\u00f3n<br \/>\nentre el cambio clim\u00e1tico, la atm\u00f3sfera y los ecosistemas marinos.<\/p>\n<p>El programa incluye las ponencias de Sergio Rodr\u00edguez,<br \/>\ninvestigador del Consejo Superior de Investigaciones Cient\u00edficas (CSIC),<br \/>\nClaudia P\u00e9rez, del Centro Oceanogr\u00e1fico de Canarias \u2013 Instituto Espa\u00f1ol de<br \/>\nOceanograf\u00eda (CSIC-IEO), y Francisco Javier Abascal Crespo, tambi\u00e9n del<br \/>\nCSIC-IEO.<\/p>\n<p>El encuentro culminar\u00e1 con una mesa redonda con la participaci\u00f3n<br \/>\nde los tres investigadores y Jos\u00e9 Domingo Fern\u00e1ndez, director insular de<br \/>\nDesarrollo Econ\u00f3mico, Transici\u00f3n Ecol\u00f3gica, Sostenibilidad Ambiental y Reserva<br \/>\nde la Biosfera, para poner en com\u00fan ideas y propuestas para enfrentar el reto<br \/>\nmedioambiental.<\/p>\n<p>La jornada concluir\u00e1 con el acto de clausura institucional,<br \/>\nreafirmando el compromiso del Cabildo de Fuerteventura con la sostenibilidad y<br \/>\nla protecci\u00f3n del medio ambiente.<\/p>\n<\/div>\n","protected":false},"excerpt":{"rendered":"<p>13 octubre, 2025 El encuentro tendr\u00e1 lugar ma\u00f1ana en el Palacio de Formaci\u00f3n y Congresos con la presencia de grandes de cient\u00edficos e investigadores El Cabildo de Fuerteventura, a trav\u00e9s [&hellip;]<\/p>\n","protected":false},"author":1,"featured_media":12285,"comment_status":"open","ping_status":"open","sticky":false,"template":"","format":"standard","meta":{"inline_featured_image":false,"jnews-multi-image_gallery":[],"jnews_single_post":[],"jnews_primary_category":[],"jnews_social_meta":[],"jnews_override_counter":[],"jnews_post_split":[],"footnotes":""},"categories":[58],"tags":[69,82,76],"class_list":["post-12283","post","type-post","status-publish","format-standard","has-post-thumbnail","hentry","category-cabildo","tag-eventos","tag-fuerteventura","tag-medio-ambiente"],"jetpack_featured_media_url":"https:\/\/informacionlocal.es\/wp-content\/uploads\/2025\/10\/ii-jornada-tc3a9cnica-medioambiental.jpeg","_links":{"self":[{"href":"https:\/\/informacionlocal.es\/de\/wp-json\/wp\/v2\/posts\/12283","targetHints":{"allow":["GET"]}}],"collection":[{"href":"https:\/\/informacionlocal.es\/de\/wp-json\/wp\/v2\/posts"}],"about":[{"href":"https:\/\/informacionlocal.es\/de\/wp-json\/wp\/v2\/types\/post"}],"author":[{"embeddable":true,"href":"https:\/\/informacionlocal.es\/de\/wp-json\/wp\/v2\/users\/1"}],"replies":[{"embeddable":true,"href":"https:\/\/informacionlocal.es\/de\/wp-json\/wp\/v2\/comments?post=12283"}],"version-history":[{"count":0,"href":"https:\/\/informacionlocal.es\/de\/wp-json\/wp\/v2\/posts\/12283\/revisions"}],"wp:featuredmedia":[{"embeddable":true,"href":"https:\/\/informacionlocal.es\/de\/wp-json\/wp\/v2\/media\/12285"}],"wp:attachment":[{"href":"https:\/\/informacionlocal.es\/de\/wp-json\/wp\/v2\/media?parent=12283"}],"wp:term":[{"taxonomy":"category","embeddable":true,"href":"https:\/\/informacionlocal.es\/de\/wp-json\/wp\/v2\/categories?post=12283"},{"taxonomy":"post_tag","embeddable":true,"href":"https:\/\/informacionlocal.es\/de\/wp-json\/wp\/v2\/tags?post=12283"}],"curies":[{"name":"wp","href":"https:\/\/api.w.org\/{rel}","templated":true}]}}