{"id":12271,"date":"2025-10-13T18:58:44","date_gmt":"2025-10-13T17:58:44","guid":{"rendered":"https:\/\/informacionlocal.es\/la-lucha-canaria-en-fuerteventura-se-une-por-ivan-santana\/"},"modified":"2025-10-13T18:58:44","modified_gmt":"2025-10-13T17:58:44","slug":"la-lucha-canaria-en-fuerteventura-se-une-por-ivan-santana","status":"publish","type":"post","link":"https:\/\/informacionlocal.es\/de\/la-lucha-canaria-en-fuerteventura-se-une-por-ivan-santana\/","title":{"rendered":"La lucha canaria en Fuerteventura se une por Iv\u00e1n Santana"},"content":{"rendered":"<div class=\"entry-content\"><strong>13 octubre, 2025<\/strong><\/p>\n<p><em><strong>El encuentro ben\u00e9fico tendr\u00e1 lugar este domingo, 19 de octubre, en el terrero de Tetir<\/strong><\/em><\/p>\n<p>El terrero de Tetir (Puerto del Rosario) acoger\u00e1 la Luchada a Favor de Iv\u00e1n Santana, el pr\u00f3ximo domingo, 19 de octubre, a las 12.00 horas. Participan los diferentes clubes de la Isla, Federaci\u00f3n Insular y Regional de Lucha, empresas e instituciones colaboradoras, con la implicaci\u00f3n de mandadores de los clubes majoreros.<\/p>\n<p>El mundo de la lucha canaria majorera se une para apoyar a Iv\u00e1n Santana, paciente de Leucemia Mielode Agua Grave. En el encuentro, se enfrentar\u00e1n dos combinados: El Cuchillete y Playa Los Molinos. La entrada tiene un coste de 10 euros y pueden adquirirse en la Federaci\u00f3n Insular de Lucha Canaria, entidades colaboradoras y en la taquilla durante el evento.<\/p>\n<p>El consejero de Deportes del Cabildo de Fuerteventura, Luis Gonz\u00e1lez, ha resaltado \u201cla importancia del evento para la sociedad majorera, pero sobre todo para Iv\u00e1n Santana, un apasionado de la lucha canaria que est\u00e1 pasando por un momento delicado de salud\u201d. \u201cEsto demuestra el valor que tiene el deporte como herramienta socializadora: el mundo de la lucha canaria siempre se vuelca a la hora de prestar apoyo cuando alguien lo necesita\u201d.<\/p>\n<p>Por su parte, el alcalde de Puerto del Rosario, David de Vera, destac\u00f3 que \u201cla lucha canaria siempre se ha caracterizado por su nobleza, apoyando causas importantes. El principal objetivo es que todas y todos acudamos al terrero de Tetir el pr\u00f3ximo domingo\u201d.<\/p>\n<p>Como representante de la comisi\u00f3n organizadora, Rafael Rodr\u00edguez dio las gracias a todas las personas que han trabajado por este evento \u201cque hemos preparado para ayudar un vecino de Fuerteventura\u201d, e hizo un llamamiento para que se llene el terrero de Tetir para que Iv\u00e1n, familiares, amigos y los luchadores se sientan arropados.<\/p>\n<p>En la presentaci\u00f3n estuvieron presentes el concejal de Deportes de Puerto del Rosario, Luis Chac\u00f3n, otros miembros de la comisi\u00f3n organizadora, bajo el lema Dona M\u00e9dula, Dona Vida, as\u00ed como Haridian Santana como familiar, quien dio las gracias a todas las personas detr\u00e1s de este evento.\u00a0<\/p>\n<\/div>\n","protected":false},"excerpt":{"rendered":"<p>13 octubre, 2025 El encuentro ben\u00e9fico tendr\u00e1 lugar este domingo, 19 de octubre, en el terrero de Tetir El terrero de Tetir (Puerto del Rosario) acoger\u00e1 la Luchada a Favor [&hellip;]<\/p>\n","protected":false},"author":1,"featured_media":12273,"comment_status":"open","ping_status":"open","sticky":false,"template":"","format":"standard","meta":{"inline_featured_image":false,"jnews-multi-image_gallery":[],"jnews_single_post":[],"jnews_primary_category":[],"jnews_social_meta":[],"jnews_override_counter":[],"jnews_post_split":[],"footnotes":""},"categories":[58],"tags":[82],"class_list":["post-12271","post","type-post","status-publish","format-standard","has-post-thumbnail","hentry","category-cabildo","tag-fuerteventura"],"jetpack_featured_media_url":"https:\/\/informacionlocal.es\/wp-content\/uploads\/2025\/10\/1760358233-cb9c1f4d597edc920939d211a3a829ce.jpg","_links":{"self":[{"href":"https:\/\/informacionlocal.es\/de\/wp-json\/wp\/v2\/posts\/12271","targetHints":{"allow":["GET"]}}],"collection":[{"href":"https:\/\/informacionlocal.es\/de\/wp-json\/wp\/v2\/posts"}],"about":[{"href":"https:\/\/informacionlocal.es\/de\/wp-json\/wp\/v2\/types\/post"}],"author":[{"embeddable":true,"href":"https:\/\/informacionlocal.es\/de\/wp-json\/wp\/v2\/users\/1"}],"replies":[{"embeddable":true,"href":"https:\/\/informacionlocal.es\/de\/wp-json\/wp\/v2\/comments?post=12271"}],"version-history":[{"count":0,"href":"https:\/\/informacionlocal.es\/de\/wp-json\/wp\/v2\/posts\/12271\/revisions"}],"wp:featuredmedia":[{"embeddable":true,"href":"https:\/\/informacionlocal.es\/de\/wp-json\/wp\/v2\/media\/12273"}],"wp:attachment":[{"href":"https:\/\/informacionlocal.es\/de\/wp-json\/wp\/v2\/media?parent=12271"}],"wp:term":[{"taxonomy":"category","embeddable":true,"href":"https:\/\/informacionlocal.es\/de\/wp-json\/wp\/v2\/categories?post=12271"},{"taxonomy":"post_tag","embeddable":true,"href":"https:\/\/informacionlocal.es\/de\/wp-json\/wp\/v2\/tags?post=12271"}],"curies":[{"name":"wp","href":"https:\/\/api.w.org\/{rel}","templated":true}]}}