{"id":1227,"date":"2025-04-11T09:24:25","date_gmt":"2025-04-11T09:24:25","guid":{"rendered":"https:\/\/informacionlocal.es\/die-jagdgesellschaft-union-de-antigua-ist-zum-ersten-mal-auf-der-feaga-vertreten\/"},"modified":"2025-04-14T17:31:41","modified_gmt":"2025-04-14T17:31:41","slug":"die-jagdgesellschaft-union-de-antigua-ist-zum-ersten-mal-auf-der-feaga-vertreten","status":"publish","type":"post","link":"https:\/\/informacionlocal.es\/de\/die-jagdgesellschaft-union-de-antigua-ist-zum-ersten-mal-auf-der-feaga-vertreten\/","title":{"rendered":"Die Jagdgesellschaft Uni\u00f3n de Antigua ist zum ersten Mal auf der FEAGA vertreten"},"content":{"rendered":"<div class=\"elementor-widget-container\">\n<p><strong>Die Jagdgesellschaft Uni\u00f3n de Antigua ist zum ersten Mal auf der FEAGA vertreten<\/strong><\/p>\n<p><strong>&#8211; Der B\u00fcrgermeister und Inselrat f\u00fcr den prim\u00e4ren Sektor, Mat\u00edas Pe\u00f1a, und der Stadtrat f\u00fcr Sport, Samuel Torres, gratulieren der Initiative der J\u00e4ger der Jagdgesellschaft Uni\u00f3n de Antigua.<\/strong><\/p>\n<p><strong>&#8211; Die Sociedad de Cazadores Uni\u00f3n Antigua pr\u00e4sentierte auf der FEAGA eine Informationsbrosch\u00fcre \u00fcber ihr Engagement und ihren Einsatz f\u00fcr die Umwelt.<\/strong><\/p>\n<p><strong>&#8211; Der in den sozialen Netzwerken beliebte und ber\u00fchmte Penchu El Campero begleitet die J\u00e4ger der Gemeinde w\u00e4hrend der Feaga-Feier am Stand der Sociedad Uni\u00f3n de Antigua.<\/strong><\/p>\n<p>Der B\u00fcrgermeister und Beigeordnete f\u00fcr Landwirtschaft, Viehzucht und Fischerei, Mat\u00edas Pe\u00f1a, und der Beigeordnete f\u00fcr Sport, Samuel Torres, begl\u00fcckw\u00fcnschen die Initiative der J\u00e4ger der Sociedad Uni\u00f3n de Antigua, zum ersten Mal mit einem eigenen Stand auf der FEAGA vertreten zu sein.<\/p>\n<p>Zum ersten Mal in FEAGA und auch in Begleitung von Penchu El Campero, der in den sozialen Netzwerken f\u00fcr seine Ratschl\u00e4ge zur Erhaltung der Wildarten bekannt ist und nicht z\u00f6gerte, die Einladung der J\u00e4ger der Gemeinde anzunehmen, in Zusammenarbeit mit dem Rathaus von Antigua.<\/p>\n<p>Die Jagdgesellschaft Uni\u00f3n Antigua stellt auf der FEAGA eine Informationsbrosch\u00fcre \u00fcber ihre direkten Aktionen in der l\u00e4ndlichen Umgebung vor, die darauf abzielen, die Umwelt zu erhalten, die Entwicklung der Jagdpopulationen zu kontrollieren und sogar die eigenen Quellen und R\u00e4ume der Arten zu erhalten, zu reinigen und wiederherzustellen.<\/p>\n<\/div>\n","protected":false},"excerpt":{"rendered":"<p><strong>Die Jagdgesellschaft Uni\u00f3n de Antigua ist zum ersten Mal auf der FEAGA vertreten<\/strong><\/p>\n","protected":false},"author":1,"featured_media":1906,"comment_status":"open","ping_status":"open","sticky":false,"template":"","format":"standard","meta":{"inline_featured_image":false,"jnews-multi-image_gallery":[],"jnews_single_post":[],"jnews_primary_category":[],"jnews_social_meta":[],"jnews_override_counter":[],"jnews_post_split":[],"footnotes":""},"categories":[283],"tags":[199],"class_list":["post-1227","post","type-post","status-publish","format-standard","has-post-thumbnail","hentry","category-antigua-de","tag-umwelt"],"jetpack_featured_media_url":"https:\/\/informacionlocal.es\/wp-content\/uploads\/2025\/04\/la-sociedad-de-cazadores-union-antigua-por-primera-vez-en-feaga-y-con-penchu-el-campeero-2-scaled-1.jpg","_links":{"self":[{"href":"https:\/\/informacionlocal.es\/de\/wp-json\/wp\/v2\/posts\/1227","targetHints":{"allow":["GET"]}}],"collection":[{"href":"https:\/\/informacionlocal.es\/de\/wp-json\/wp\/v2\/posts"}],"about":[{"href":"https:\/\/informacionlocal.es\/de\/wp-json\/wp\/v2\/types\/post"}],"author":[{"embeddable":true,"href":"https:\/\/informacionlocal.es\/de\/wp-json\/wp\/v2\/users\/1"}],"replies":[{"embeddable":true,"href":"https:\/\/informacionlocal.es\/de\/wp-json\/wp\/v2\/comments?post=1227"}],"version-history":[{"count":1,"href":"https:\/\/informacionlocal.es\/de\/wp-json\/wp\/v2\/posts\/1227\/revisions"}],"predecessor-version":[{"id":1464,"href":"https:\/\/informacionlocal.es\/de\/wp-json\/wp\/v2\/posts\/1227\/revisions\/1464"}],"wp:featuredmedia":[{"embeddable":true,"href":"https:\/\/informacionlocal.es\/de\/wp-json\/wp\/v2\/media\/1906"}],"wp:attachment":[{"href":"https:\/\/informacionlocal.es\/de\/wp-json\/wp\/v2\/media?parent=1227"}],"wp:term":[{"taxonomy":"category","embeddable":true,"href":"https:\/\/informacionlocal.es\/de\/wp-json\/wp\/v2\/categories?post=1227"},{"taxonomy":"post_tag","embeddable":true,"href":"https:\/\/informacionlocal.es\/de\/wp-json\/wp\/v2\/tags?post=1227"}],"curies":[{"name":"wp","href":"https:\/\/api.w.org\/{rel}","templated":true}]}}