{"id":12251,"date":"2025-10-13T17:00:57","date_gmt":"2025-10-13T16:00:57","guid":{"rendered":"https:\/\/informacionlocal.es\/finaliza-la-remodelacion-del-parque-infantil-de-costa-calma\/"},"modified":"2025-10-13T17:00:57","modified_gmt":"2025-10-13T16:00:57","slug":"finaliza-la-remodelacion-del-parque-infantil-de-costa-calma","status":"publish","type":"post","link":"https:\/\/informacionlocal.es\/de\/finaliza-la-remodelacion-del-parque-infantil-de-costa-calma\/","title":{"rendered":"Finaliza la remodelaci\u00f3n del parque infantil de Costa Calma"},"content":{"rendered":"<div class=\"entry-content\">\n<p><b><i>El Ayuntamiento mejora la seguridad y moderniza las instalaciones recreativas junto al CEIP Costa Calma<\/i><\/b><\/p>\n<p><span>La Concejal\u00eda de Parques y Jardines del Ayuntamiento de P\u00e1jara renueva el parque infantil ubicado en la Avenida Happag Lloyd de Costa Calma, situado al lado del CEIP Costa Calma. Este proyecto, que ha contado con una inversi\u00f3n de m\u00e1s de 30.000 euros, ha permitido actualizar y mejorar la seguridad de las instalaciones recreativas.\u00a0<\/span><\/p>\n<p><span>El primer teniente de alcalde y concejal de Parques y Jardines, Alexis Alonso, ha destacado la necesidad de seguir renovando estas instalaciones para los m\u00e1s peque\u00f1os y peque\u00f1as del municipio. \u201cLos nuevos elementos de juego y las mejoras del entorno permitir\u00e1n que los ni\u00f1os y ni\u00f1as puedan disfrutar de este parque\u201d.\u00a0<\/span><\/p>\n<p><span>Por su parte, el alcalde de P\u00e1jara, Alejandro Jorge, ha se\u00f1alado que \u201cla finalizaci\u00f3n de este parque infantil refleja nuestro compromiso con la mejora continua de las infraestructuras p\u00fablicas\u201d.\u00a0<\/span><\/p>\n<p><span>Con esta intervenci\u00f3n, el Ayuntamiento de P\u00e1jara contin\u00faa su labor de modernizaci\u00f3n y mantenimiento de espacios, garantizando entornos de calidad y seguros para el disfrute de los residentes.\u00a0<\/span><\/p>\n<\/div>\n","protected":false},"excerpt":{"rendered":"<p><i>El Ayuntamiento mejora la seguridad y moderniza las instalaciones recreativas junto al CEIP Costa Calma<\/i><\/p>\n","protected":false},"author":1,"featured_media":12253,"comment_status":"open","ping_status":"open","sticky":false,"template":"","format":"standard","meta":{"inline_featured_image":false,"jnews-multi-image_gallery":[],"jnews_single_post":[],"jnews_primary_category":[],"jnews_social_meta":[],"jnews_override_counter":[],"jnews_post_split":[],"footnotes":""},"categories":[63],"tags":[],"class_list":["post-12251","post","type-post","status-publish","format-standard","has-post-thumbnail","hentry","category-pajara"],"jetpack_featured_media_url":"https:\/\/informacionlocal.es\/wp-content\/uploads\/2025\/10\/parque-infantil.jpeg","_links":{"self":[{"href":"https:\/\/informacionlocal.es\/de\/wp-json\/wp\/v2\/posts\/12251","targetHints":{"allow":["GET"]}}],"collection":[{"href":"https:\/\/informacionlocal.es\/de\/wp-json\/wp\/v2\/posts"}],"about":[{"href":"https:\/\/informacionlocal.es\/de\/wp-json\/wp\/v2\/types\/post"}],"author":[{"embeddable":true,"href":"https:\/\/informacionlocal.es\/de\/wp-json\/wp\/v2\/users\/1"}],"replies":[{"embeddable":true,"href":"https:\/\/informacionlocal.es\/de\/wp-json\/wp\/v2\/comments?post=12251"}],"version-history":[{"count":0,"href":"https:\/\/informacionlocal.es\/de\/wp-json\/wp\/v2\/posts\/12251\/revisions"}],"wp:featuredmedia":[{"embeddable":true,"href":"https:\/\/informacionlocal.es\/de\/wp-json\/wp\/v2\/media\/12253"}],"wp:attachment":[{"href":"https:\/\/informacionlocal.es\/de\/wp-json\/wp\/v2\/media?parent=12251"}],"wp:term":[{"taxonomy":"category","embeddable":true,"href":"https:\/\/informacionlocal.es\/de\/wp-json\/wp\/v2\/categories?post=12251"},{"taxonomy":"post_tag","embeddable":true,"href":"https:\/\/informacionlocal.es\/de\/wp-json\/wp\/v2\/tags?post=12251"}],"curies":[{"name":"wp","href":"https:\/\/api.w.org\/{rel}","templated":true}]}}