{"id":1224,"date":"2025-04-11T03:52:17","date_gmt":"2025-04-11T03:52:17","guid":{"rendered":"https:\/\/informacionlocal.es\/tuineje-foerdert-die-wiederherstellung-von-naturraeumen-unter-beteiligung-der-buerger\/"},"modified":"2025-04-14T10:04:13","modified_gmt":"2025-04-14T10:04:13","slug":"tuineje-foerdert-die-wiederherstellung-von-naturraeumen-unter-beteiligung-der-buerger","status":"publish","type":"post","link":"https:\/\/informacionlocal.es\/de\/tuineje-foerdert-die-wiederherstellung-von-naturraeumen-unter-beteiligung-der-buerger\/","title":{"rendered":"Tuineje f\u00f6rdert die Wiederherstellung von Naturr\u00e4umen unter Beteiligung der B\u00fcrger."},"content":{"rendered":"<div class=\"article-content-inner\">\n<p>Die Stadtverwaltung von Tuineje organisiert \u00fcber ihre Umweltabteilung eine B\u00fcrgerversammlung, um die Arbeiten zur Wiederherstellung der Naturr\u00e4ume in der Gemeinde zu beginnen. Die Versammlung findet am Donnerstag, den 10. April ab 18:00 Uhr in der Casa de la Cultura in Gran Tarajal statt und soll die Beteiligung der \u00d6ffentlichkeit am Umweltschutz f\u00f6rdern. <\/p>\n<p>Diese Initiative entspricht dem Engagement des Stadtrats f\u00fcr Nachhaltigkeit und die Verbesserung von Naturr\u00e4umen, indem sie koordinierte Aktionen mit der Gemeinschaft f\u00f6rdert, um deren Erhalt und Pflege zu gew\u00e4hrleisten.<\/p>\n<p>Die Stadtr\u00e4tin f\u00fcr Umwelt, Evelyn \u00c1vila, betonte die Bedeutung der Beteiligung der Nachbarschaft an diesem Projekt: &#8222;Die Wiederherstellung unserer Naturr\u00e4ume ist nicht nur die Arbeit der Stadtverwaltung, sondern eine kollektive Anstrengung, bei der wir auf die Beteiligung der Einwohner von Tuineje z\u00e4hlen wollen. Ihre Meinung ist der Schl\u00fcssel zur Festlegung der wirksamsten und nachhaltigsten Strategien, und die Umweltabteilung setzt sich kontinuierlich f\u00fcr die verschiedenen Gebiete der Gemeinde ein&#8220;.<\/p>\n<p>Die B\u00fcrgermeisterin von Tuineje, Candelaria Umpi\u00e9rrez, unterstrich ihrerseits das Engagement der Gemeinde f\u00fcr die Umwelt: &#8222;F\u00fcr die Gemeindeverwaltung hat die Verbesserung der Lebensqualit\u00e4t in unserer Gemeinde Priorit\u00e4t. Die Wiederherstellung von Naturr\u00e4umen ist eine Priorit\u00e4t in unserer Agenda, und diese Versammlung ist der erste Schritt, um gemeinsam eine sauberere und ges\u00fcndere Umwelt zu schaffen&#8220;.<\/p>\n<p>Der Stadtrat von Tuineje l\u00e4dt alle B\u00fcrgerinnen und B\u00fcrger ein, an dieser Versammlung teilzunehmen und mit ihren Ideen und Vorschl\u00e4gen dazu beizutragen, dass wir gemeinsam bei der Wiederherstellung der Naturr\u00e4ume der Gemeinde vorankommen.<\/p>\n<\/div>\n","protected":false},"excerpt":{"rendered":"<p>Die Stadtverwaltung von Tuineje organisiert \u00fcber ihre Umweltabteilung eine B\u00fcrgerversammlung, um die Arbeiten zur Wiederherstellung der Naturr\u00e4ume in der Gemeinde zu beginnen. Die Versammlung findet am Donnerstag, den 10. April [&hellip;]<\/p>\n","protected":false},"author":1,"featured_media":804,"comment_status":"open","ping_status":"open","sticky":false,"template":"","format":"standard","meta":{"inline_featured_image":false,"jnews-multi-image_gallery":[],"jnews_single_post":[],"jnews_primary_category":[],"jnews_social_meta":[],"jnews_override_counter":[],"jnews_post_split":[],"footnotes":""},"categories":[299],"tags":[305,216,196,217,199,237],"class_list":["post-1224","post","type-post","status-publish","format-standard","has-post-thumbnail","hentry","category-tuineje-de","tag-agenda-de","tag-fuerteventura-de","tag-gemeinden","tag-kultur-und-freizeit","tag-umwelt","tag-veranstaltungen"],"jetpack_featured_media_url":"https:\/\/informacionlocal.es\/wp-content\/uploads\/2025\/04\/medio-ambiente-e1743497753128.jpeg","_links":{"self":[{"href":"https:\/\/informacionlocal.es\/de\/wp-json\/wp\/v2\/posts\/1224","targetHints":{"allow":["GET"]}}],"collection":[{"href":"https:\/\/informacionlocal.es\/de\/wp-json\/wp\/v2\/posts"}],"about":[{"href":"https:\/\/informacionlocal.es\/de\/wp-json\/wp\/v2\/types\/post"}],"author":[{"embeddable":true,"href":"https:\/\/informacionlocal.es\/de\/wp-json\/wp\/v2\/users\/1"}],"replies":[{"embeddable":true,"href":"https:\/\/informacionlocal.es\/de\/wp-json\/wp\/v2\/comments?post=1224"}],"version-history":[{"count":1,"href":"https:\/\/informacionlocal.es\/de\/wp-json\/wp\/v2\/posts\/1224\/revisions"}],"predecessor-version":[{"id":1692,"href":"https:\/\/informacionlocal.es\/de\/wp-json\/wp\/v2\/posts\/1224\/revisions\/1692"}],"wp:featuredmedia":[{"embeddable":true,"href":"https:\/\/informacionlocal.es\/de\/wp-json\/wp\/v2\/media\/804"}],"wp:attachment":[{"href":"https:\/\/informacionlocal.es\/de\/wp-json\/wp\/v2\/media?parent=1224"}],"wp:term":[{"taxonomy":"category","embeddable":true,"href":"https:\/\/informacionlocal.es\/de\/wp-json\/wp\/v2\/categories?post=1224"},{"taxonomy":"post_tag","embeddable":true,"href":"https:\/\/informacionlocal.es\/de\/wp-json\/wp\/v2\/tags?post=1224"}],"curies":[{"name":"wp","href":"https:\/\/api.w.org\/{rel}","templated":true}]}}