{"id":12227,"date":"2025-10-10T23:58:36","date_gmt":"2025-10-10T22:58:36","guid":{"rendered":"https:\/\/informacionlocal.es\/lola-garcia-reitera-al-ministerio-que-interceda-ante-las-deficiencias-del-aeropuerto-de-fuerteventura\/"},"modified":"2025-10-10T23:58:36","modified_gmt":"2025-10-10T22:58:36","slug":"lola-garcia-reitera-al-ministerio-que-interceda-ante-las-deficiencias-del-aeropuerto-de-fuerteventura","status":"publish","type":"post","link":"https:\/\/informacionlocal.es\/de\/lola-garcia-reitera-al-ministerio-que-interceda-ante-las-deficiencias-del-aeropuerto-de-fuerteventura\/","title":{"rendered":"Lola Garc\u00eda reitera al Ministerio que interceda ante las deficiencias del Aeropuerto de Fuerteventura"},"content":{"rendered":"<div class=\"entry-content\"><strong>10 octubre, 2025<\/strong><\/p>\n<p><em><strong>La presidenta insular exige al ministro de Transportes y Movilidad que atienda los asuntos prioritarios que afectan a la imagen y buen funcionamiento del aeropuerto<\/strong><\/em><\/p>\n<p>La presidenta del Cabildo de Fuerteventura, Lola Garc\u00eda, ha reiterado, por escrito, al ministro de Transportes y Movilidad Sostenible que atienda los asuntos prioritarios que afectan a la imagen, funcionamiento y seguridad del Aeropuerto de Fuerteventura.<\/p>\n<p>En su escrito al ministro \u00d3scar Puente, la presidenta insular resalta que \u201cdesde el Cabildo de Fuerteventura venimos reclamando, tanto en Pleno como en reuniones institucionales, que AENA y el Ministerio conozcan la realidad del Aeropuerto y atiendan sus necesidades de manera urgente\u201d.<\/p>\n<p>De este modo, Lola Garc\u00eda recuerda que \u201clas zonas ajardinadas y comunes del recinto presentan un evidente estado de abandono, pese a las reiteradas peticiones de este Cabildo y de colectivos implicados para que se adopten medidas inmediatas de limpieza y restauraci\u00f3n de la imagen de las instalaciones\u201d.<\/p>\n<p>\u201cYa lo exigimos desde el Pleno de la Corporaci\u00f3n a trav\u00e9s de una moci\u00f3n, exigiendo que se reponga el servicio de jardiner\u00eda. Sin embargo, a d\u00eda de hoy no se ha producido soluci\u00f3n efectiva a un problema que afecta a Fuerteventura, ya que es la primera impresi\u00f3n que reciben residentes y visitantes\u201d, apunta la presidenta insular.<\/p>\n<p>En su escrito, Lola Garc\u00eda ha reiterado, asimismo, la necesidad de que el Ministerio interceda para garantizar la calidad del servicio que se presta en la torre de control del Aeropuerto. La actual adjudicataria del servicio ha reconocido la imposibilidad de cumplir con las condiciones laborales pactadas, lo que afecta directamente a la seguridad y estabilidad del servicio.<\/p>\n<p>El reciente informe de la empresa privada SAERCO alude a pol\u00edticas de ajuste de dotaciones de personal en funci\u00f3n de la demanda real de tr\u00e1fico. Una medida que, en la pr\u00e1ctica, podr\u00eda estar afectando a islas como Fuerteventura, ya que se aplica de manera uniforme sin tener en cuenta la singularidad insular y la relevancia tur\u00edstica del aeropuerto insular.<\/p>\n<p>Tanto el Cabildo de Fuerteventura como la Uni\u00f3n Sindical de Controladores A\u00e9reos (USCA), \u201chemos pedido que se garantice la continuidad y calidad del servicio bajo gesti\u00f3n p\u00fablica, hasta que se acuerde un modelo definitivo que asegure calidad y seguridad, sin recibir respuesta alguna\u201d.<\/p>\n<p>Lola Garc\u00eda concluye que \u201cse trata de una infraestructura estrat\u00e9gica para Fuerteventura. Tanto su estado de conservaci\u00f3n como la calidad de sus servicios repercuten en la seguridad a\u00e9rea, econom\u00eda local e imagen tur\u00edstica de Fuerteventura, por lo que debe buscarse soluciones urgentes\u201d.<\/p>\n<\/div>\n","protected":false},"excerpt":{"rendered":"<p>10 octubre, 2025 La presidenta insular exige al ministro de Transportes y Movilidad que atienda los asuntos prioritarios que afectan a la imagen y buen funcionamiento del aeropuerto La presidenta [&hellip;]<\/p>\n","protected":false},"author":1,"featured_media":12229,"comment_status":"open","ping_status":"open","sticky":false,"template":"","format":"standard","meta":{"inline_featured_image":false,"jnews-multi-image_gallery":[],"jnews_single_post":[],"jnews_primary_category":[],"jnews_social_meta":[],"jnews_override_counter":[],"jnews_post_split":[],"footnotes":""},"categories":[58],"tags":[82,75],"class_list":["post-12227","post","type-post","status-publish","format-standard","has-post-thumbnail","hentry","category-cabildo","tag-fuerteventura","tag-transportes"],"jetpack_featured_media_url":"https:\/\/informacionlocal.es\/wp-content\/uploads\/2025\/10\/lola-garcc3ada-escrito.jpeg","_links":{"self":[{"href":"https:\/\/informacionlocal.es\/de\/wp-json\/wp\/v2\/posts\/12227","targetHints":{"allow":["GET"]}}],"collection":[{"href":"https:\/\/informacionlocal.es\/de\/wp-json\/wp\/v2\/posts"}],"about":[{"href":"https:\/\/informacionlocal.es\/de\/wp-json\/wp\/v2\/types\/post"}],"author":[{"embeddable":true,"href":"https:\/\/informacionlocal.es\/de\/wp-json\/wp\/v2\/users\/1"}],"replies":[{"embeddable":true,"href":"https:\/\/informacionlocal.es\/de\/wp-json\/wp\/v2\/comments?post=12227"}],"version-history":[{"count":0,"href":"https:\/\/informacionlocal.es\/de\/wp-json\/wp\/v2\/posts\/12227\/revisions"}],"wp:featuredmedia":[{"embeddable":true,"href":"https:\/\/informacionlocal.es\/de\/wp-json\/wp\/v2\/media\/12229"}],"wp:attachment":[{"href":"https:\/\/informacionlocal.es\/de\/wp-json\/wp\/v2\/media?parent=12227"}],"wp:term":[{"taxonomy":"category","embeddable":true,"href":"https:\/\/informacionlocal.es\/de\/wp-json\/wp\/v2\/categories?post=12227"},{"taxonomy":"post_tag","embeddable":true,"href":"https:\/\/informacionlocal.es\/de\/wp-json\/wp\/v2\/tags?post=12227"}],"curies":[{"name":"wp","href":"https:\/\/api.w.org\/{rel}","templated":true}]}}