{"id":1222,"date":"2025-04-11T03:48:14","date_gmt":"2025-04-11T03:48:14","guid":{"rendered":"https:\/\/informacionlocal.es\/tuineje-praesentiert-seine-lokalen-produzenten-auf-der-38-ausgabe-der-feaga\/"},"modified":"2025-04-14T10:04:14","modified_gmt":"2025-04-14T10:04:14","slug":"tuineje-praesentiert-seine-lokalen-produzenten-auf-der-38-ausgabe-der-feaga","status":"publish","type":"post","link":"https:\/\/informacionlocal.es\/de\/tuineje-praesentiert-seine-lokalen-produzenten-auf-der-38-ausgabe-der-feaga\/","title":{"rendered":"Tuineje pr\u00e4sentiert seine lokalen Produzenten auf der 38. Ausgabe der FEAGA"},"content":{"rendered":"<div class=\"article-content-inner\">\n<h2 class=\"wp-block-heading\">Die Messe findet vom 3. bis 6. April in der Versuchsfarm Pozo Negro statt.<\/h2>\n<p>Die Gemeinde Tuineje wird an der 38. Ausgabe der Messe f\u00fcr Landwirtschaft, Viehzucht und Fischerei von Fuerteventura (FEAGA) teilnehmen, die von Donnerstag bis Sonntag in der Versuchsfarm von Pozo Negro stattfindet.<\/p>\n<p>Die Gemeinde wird mit einem eigenen Stand vertreten sein, an dem der Wert des lokalen Prim\u00e4rsektors hervorgehoben wird, um die Erzeuger der Gemeinde und ihren Beitrag zur wirtschaftlichen und kulturellen Entwicklung von Tuineje zu f\u00f6rdern. In dieser Ausgabe w\u00fcrdigt die Messe die Viehzucht an der K\u00fcste, die f\u00fcr die Tradition und Entwicklung der Insel von grundlegender Bedeutung ist. <\/p>\n<p>Der Stadtrat l\u00e4dt alle B\u00fcrgerinnen und B\u00fcrger zur Teilnahme an dieser Benchmark-Messe ein, die ein wichtiger Treffpunkt f\u00fcr die Fachleute des Sektors und die breite \u00d6ffentlichkeit ist.<\/p>\n<p>Der Stadtrat f\u00fcr den Prim\u00e4rsektor, Jonathan Pe\u00f1a, betonte die Bedeutung der Messe als Schaufenster der lokalen Erzeuger: <em>&#8222;Die FEAGA ist eine einzigartige Gelegenheit f\u00fcr unsere Leute vom Land und vom Meer, ihre Arbeit und die Qualit\u00e4tsprodukte, die in Tuineje hergestellt werden, zu pr\u00e4sentieren. Wir laden Einheimische und Besucher ein, an unserem Stand vorbeizuschauen und den Reichtum unseres Prim\u00e4rsektors aus erster Hand zu sehen.<\/em><\/p>\n<p>Die B\u00fcrgermeisterin von Tuineje, Candelaria Umpi\u00e9rrez, unterstrich ihrerseits das Engagement der Gemeinde f\u00fcr die F\u00f6rderung und Unterst\u00fctzung der lokalen Erzeuger: <em>&#8222;Tuineje hat eine gro\u00dfe landwirtschaftliche und viehwirtschaftliche Tradition, und die FEAGA ist der perfekte Rahmen, um unsere Bem\u00fchungen zur Erhaltung und St\u00e4rkung des Prim\u00e4rsektors zu pr\u00e4sentieren. Wir laden alle ein, die Messe zu besuchen und die Erfahrung zu genie\u00dfen&#8220;.<\/em><\/p>\n<p>Der Stadtrat von Tuineje bekr\u00e4ftigt sein Engagement f\u00fcr den Prim\u00e4rsektor und ermutigt die B\u00fcrgerinnen und B\u00fcrger, zur FEAGA 2024 zu kommen und die Exzellenz der Produkte der Gemeinde auf einer Veranstaltung zu entdecken, die sich Jahr f\u00fcr Jahr als regionaler Bezugspunkt etabliert.<\/p>\n<\/div>\n","protected":false},"excerpt":{"rendered":"<p>Die Messe findet vom 3. bis 6. April in der Versuchsfarm Pozo Negro statt. Die Gemeinde Tuineje wird an der 38. Ausgabe der Messe f\u00fcr Landwirtschaft, Viehzucht und Fischerei von [&hellip;]<\/p>\n","protected":false},"author":1,"featured_media":801,"comment_status":"open","ping_status":"open","sticky":false,"template":"","format":"standard","meta":{"inline_featured_image":false,"jnews-multi-image_gallery":[],"jnews_single_post":[],"jnews_primary_category":[],"jnews_social_meta":[],"jnews_override_counter":[],"jnews_post_split":[],"footnotes":""},"categories":[299],"tags":[216,196,217,237],"class_list":["post-1222","post","type-post","status-publish","format-standard","has-post-thumbnail","hentry","category-tuineje-de","tag-fuerteventura-de","tag-gemeinden","tag-kultur-und-freizeit","tag-veranstaltungen"],"jetpack_featured_media_url":"https:\/\/informacionlocal.es\/wp-content\/uploads\/2025\/04\/stand-2024.jpeg","_links":{"self":[{"href":"https:\/\/informacionlocal.es\/de\/wp-json\/wp\/v2\/posts\/1222","targetHints":{"allow":["GET"]}}],"collection":[{"href":"https:\/\/informacionlocal.es\/de\/wp-json\/wp\/v2\/posts"}],"about":[{"href":"https:\/\/informacionlocal.es\/de\/wp-json\/wp\/v2\/types\/post"}],"author":[{"embeddable":true,"href":"https:\/\/informacionlocal.es\/de\/wp-json\/wp\/v2\/users\/1"}],"replies":[{"embeddable":true,"href":"https:\/\/informacionlocal.es\/de\/wp-json\/wp\/v2\/comments?post=1222"}],"version-history":[{"count":1,"href":"https:\/\/informacionlocal.es\/de\/wp-json\/wp\/v2\/posts\/1222\/revisions"}],"predecessor-version":[{"id":1694,"href":"https:\/\/informacionlocal.es\/de\/wp-json\/wp\/v2\/posts\/1222\/revisions\/1694"}],"wp:featuredmedia":[{"embeddable":true,"href":"https:\/\/informacionlocal.es\/de\/wp-json\/wp\/v2\/media\/801"}],"wp:attachment":[{"href":"https:\/\/informacionlocal.es\/de\/wp-json\/wp\/v2\/media?parent=1222"}],"wp:term":[{"taxonomy":"category","embeddable":true,"href":"https:\/\/informacionlocal.es\/de\/wp-json\/wp\/v2\/categories?post=1222"},{"taxonomy":"post_tag","embeddable":true,"href":"https:\/\/informacionlocal.es\/de\/wp-json\/wp\/v2\/tags?post=1222"}],"curies":[{"name":"wp","href":"https:\/\/api.w.org\/{rel}","templated":true}]}}