{"id":12215,"date":"2025-10-10T21:58:33","date_gmt":"2025-10-10T20:58:33","guid":{"rendered":"https:\/\/informacionlocal.es\/el-ayuntamiento-de-pajara-inicia-las-obras-de-la-urbanizacion-de-la-pared\/"},"modified":"2025-10-10T21:58:33","modified_gmt":"2025-10-10T20:58:33","slug":"el-ayuntamiento-de-pajara-inicia-las-obras-de-la-urbanizacion-de-la-pared","status":"publish","type":"post","link":"https:\/\/informacionlocal.es\/de\/el-ayuntamiento-de-pajara-inicia-las-obras-de-la-urbanizacion-de-la-pared\/","title":{"rendered":"El Ayuntamiento de P\u00e1jara inicia las obras de la urbanizaci\u00f3n de La Pared\u00a0"},"content":{"rendered":"<div class=\"entry-content\">\n<p><b><i>El proyecto, con una inversi\u00f3n superior a los cinco millones de euros, contempla la renovaci\u00f3n integral de las infraestructuras de la zona\u00a0<\/i><\/b><\/p>\n<p><span>El Ayuntamiento de P\u00e1jara, a trav\u00e9s de la Concejal\u00eda de Obras, firma el acta de inicio de las obras de la urbanizaci\u00f3n de La Pared, que contar\u00e1 con un presupuesto de cinco millones de euros. La firma se realiz\u00f3 en la ma\u00f1ana de ayer por el alcalde Alejandro Jorge y el primer teniente de alcalde y concejal de Obras, Alexis Alonso, junto al encargado de la empresa adjudicataria.\u00a0<\/span><\/p>\n<p><span>El proyecto tiene como finalidad renovar y modernizar la infraestructura urbana de la localidad, contribuyendo a la mejora de la calidad de vida de los vecinos y vecinas y a la optimizaci\u00f3n de los servicios p\u00fablicos.\u00a0<\/span><\/p>\n<p><span>El primer teniente de alcalde y concejal de Obras, Alexis Alonso, destaca la importancia de este proyecto para el municipio y explic\u00f3 que \u201c las actuaciones previstas contemplan la renovaci\u00f3n de aceras, la actualizaci\u00f3n de la red el\u00e9ctrica, la instalaci\u00f3n de nuevas luminarias, la mejora del sistema de abastecimiento de agua y el reemplazo de tuber\u00edas obsoletas, as\u00ed como el asfaltado completo de las v\u00edas y otras intervenciones orientadas a la mejora integral del entorno urbano\u201d.\u00a0<\/span><\/p>\n<p><span>Por su parte, el alcalde de P\u00e1jara, Alejandro Jorge, subraya la relevancia de estas obras, se\u00f1alando que \u201cla mejora de la urbanizaci\u00f3n de La Pared no solo embellece el entorno, sino que garantiza una infraestructura moderna y sostenible para los vecinos y vecinas\u201d. Asimismo, afirma que \u201cseguiremos trabajando para que cada localidad del municipio disponga de los servicios y espacios que necesitan\u201d.\u00a0<\/span><\/p>\n<p><span>Con esta intervenci\u00f3n, el Ayuntamiento de P\u00e1jara da un paso en su plan de modernizaci\u00f3n de los espacios p\u00fablicos, reforzando la planificaci\u00f3n y ejecuci\u00f3n de proyectos que promuevan un desarrollo urbano adaptado a las necesidades de la poblaci\u00f3n.\u00a0<\/span><\/p>\n<\/div>\n","protected":false},"excerpt":{"rendered":"<p><i>El proyecto, con una inversi\u00f3n superior a los cinco millones de euros, contempla la renovaci\u00f3n integral de las infraestructuras de la zona\u00a0<\/i><\/p>\n","protected":false},"author":1,"featured_media":12217,"comment_status":"open","ping_status":"open","sticky":false,"template":"","format":"standard","meta":{"inline_featured_image":false,"jnews-multi-image_gallery":[],"jnews_single_post":[],"jnews_primary_category":[],"jnews_social_meta":[],"jnews_override_counter":[],"jnews_post_split":[],"footnotes":""},"categories":[63],"tags":[338,66],"class_list":["post-12215","post","type-post","status-publish","format-standard","has-post-thumbnail","hentry","category-pajara","tag-infraestructura","tag-servicios-publicos"],"jetpack_featured_media_url":"https:\/\/informacionlocal.es\/wp-content\/uploads\/2025\/10\/la-pared.jpeg","_links":{"self":[{"href":"https:\/\/informacionlocal.es\/de\/wp-json\/wp\/v2\/posts\/12215","targetHints":{"allow":["GET"]}}],"collection":[{"href":"https:\/\/informacionlocal.es\/de\/wp-json\/wp\/v2\/posts"}],"about":[{"href":"https:\/\/informacionlocal.es\/de\/wp-json\/wp\/v2\/types\/post"}],"author":[{"embeddable":true,"href":"https:\/\/informacionlocal.es\/de\/wp-json\/wp\/v2\/users\/1"}],"replies":[{"embeddable":true,"href":"https:\/\/informacionlocal.es\/de\/wp-json\/wp\/v2\/comments?post=12215"}],"version-history":[{"count":0,"href":"https:\/\/informacionlocal.es\/de\/wp-json\/wp\/v2\/posts\/12215\/revisions"}],"wp:featuredmedia":[{"embeddable":true,"href":"https:\/\/informacionlocal.es\/de\/wp-json\/wp\/v2\/media\/12217"}],"wp:attachment":[{"href":"https:\/\/informacionlocal.es\/de\/wp-json\/wp\/v2\/media?parent=12215"}],"wp:term":[{"taxonomy":"category","embeddable":true,"href":"https:\/\/informacionlocal.es\/de\/wp-json\/wp\/v2\/categories?post=12215"},{"taxonomy":"post_tag","embeddable":true,"href":"https:\/\/informacionlocal.es\/de\/wp-json\/wp\/v2\/tags?post=12215"}],"curies":[{"name":"wp","href":"https:\/\/api.w.org\/{rel}","templated":true}]}}