{"id":12209,"date":"2025-10-10T20:58:25","date_gmt":"2025-10-10T19:58:25","guid":{"rendered":"https:\/\/informacionlocal.es\/un-pregon-desde-el-sentimiento-de-un-joven-hoy-empresario-de-exito-que-logro-sus-retos\/"},"modified":"2025-10-10T20:58:25","modified_gmt":"2025-10-10T19:58:25","slug":"un-pregon-desde-el-sentimiento-de-un-joven-hoy-empresario-de-exito-que-logro-sus-retos","status":"publish","type":"post","link":"https:\/\/informacionlocal.es\/de\/un-pregon-desde-el-sentimiento-de-un-joven-hoy-empresario-de-exito-que-logro-sus-retos\/","title":{"rendered":"Un preg\u00f3n desde el sentimiento de un joven hoy empresario de \u00e9xito que logr\u00f3 sus retos"},"content":{"rendered":"<div class=\"elementor-widget-container\">\n<p><strong>El orgullo de El Castillo es ser una familia de un mont\u00f3n de nacionalidades<\/strong><\/p>\n<p><strong>Un preg\u00f3n desde el sentimiento de un joven hoy empresario de \u00e9xito que logr\u00f3 sus retos<\/strong><\/p>\n<p><strong>\u2022 D. Francisco Ufano Polo contuvo la emoci\u00f3n para recordar, enamorar de nuevo a su mujer y familia, y divertir con humor gallego a los presentes. <\/strong><br \/><strong>\u2022 Somos la familia no majorera que m\u00e1s tiempo lleva residiendo en El Castillo, desde que entonces nos dejara Frasquita por compasi\u00f3n y como buena vecina, una bandeja de sabros\u00edsimos tomates cada semana. <\/strong><br \/><strong>\u2022 El pregonero afirm\u00f3 que el orgullo de El Castillo es ser una familia de un mont\u00f3n de nacionalidades.<\/strong><\/p>\n<p>El paseo por las calles de Caleta de Fuste de la batucada Sambukka despert\u00f3 a golpe de tambor la atenci\u00f3n de residentes y turistas, recordando que comenzaban las Fiestas en Honor a Nuestra Se\u00f1ora La Pe\u00f1a del Mar.<\/p>\n<p>El alcalde, Mat\u00edas Pe\u00f1a Garc\u00eda, daba la bienvenida a estos festejos y a su distinguido pregonero D. Francisco Ufano Polo que mostr\u00f3 en sus palabras humanidad, humildad, cercan\u00eda y un humor gallego que romp\u00eda con risas el ambiente emotivo en el que sumergi\u00f3 el p\u00fablico asistente.<\/p>\n<p>Instantes antes de comenzar el Preg\u00f3n de las Fiestas de Caleta de Fuste, el alcalde entregaba dos importantes reconocimientos a dos familias que forman parte de la historia y desarrollo de esta localidad, y por ende, del Municipio, recordando en un peque\u00f1o homenaje p\u00f3stumo a D. \u00c1ngel Jove Capell\u00e1n y D. Jos\u00e9 Ignacio Brome Del Cuvillo.<\/p>\n<p>Magn\u00edfica noche y magn\u00edfico comienzo para las Fiestas de Caleta de Fuste, afirma el concejal de Festejos, Pedro M. Armas, ofreciendo un programa de concierto y diversi\u00f3n cuidado al detalle gracias a la Comisi\u00f3n de Fiestas presidida desde hace a\u00f1os por Nieves Rodr\u00edguez Curbelo, imprescindible colaboradora en estos festejos en Honor a Nuestra Se\u00f1ora La Pe\u00f1a del Mar.<\/p>\n<\/div>\n","protected":false},"excerpt":{"rendered":"<p><strong>El orgullo de El Castillo es ser una familia de un mont\u00f3n de nacionalidades<\/strong><\/p>\n","protected":false},"author":1,"featured_media":12211,"comment_status":"open","ping_status":"open","sticky":false,"template":"","format":"standard","meta":{"inline_featured_image":false,"jnews-multi-image_gallery":[],"jnews_single_post":[],"jnews_primary_category":[],"jnews_social_meta":[],"jnews_override_counter":[],"jnews_post_split":[],"footnotes":""},"categories":[59],"tags":[],"class_list":["post-12209","post","type-post","status-publish","format-standard","has-post-thumbnail","hentry","category-antigua"],"jetpack_featured_media_url":"https:\/\/informacionlocal.es\/wp-content\/uploads\/2025\/10\/pregon-fiestas-de-caleta-de-fuste-1.jpg","_links":{"self":[{"href":"https:\/\/informacionlocal.es\/de\/wp-json\/wp\/v2\/posts\/12209","targetHints":{"allow":["GET"]}}],"collection":[{"href":"https:\/\/informacionlocal.es\/de\/wp-json\/wp\/v2\/posts"}],"about":[{"href":"https:\/\/informacionlocal.es\/de\/wp-json\/wp\/v2\/types\/post"}],"author":[{"embeddable":true,"href":"https:\/\/informacionlocal.es\/de\/wp-json\/wp\/v2\/users\/1"}],"replies":[{"embeddable":true,"href":"https:\/\/informacionlocal.es\/de\/wp-json\/wp\/v2\/comments?post=12209"}],"version-history":[{"count":0,"href":"https:\/\/informacionlocal.es\/de\/wp-json\/wp\/v2\/posts\/12209\/revisions"}],"wp:featuredmedia":[{"embeddable":true,"href":"https:\/\/informacionlocal.es\/de\/wp-json\/wp\/v2\/media\/12211"}],"wp:attachment":[{"href":"https:\/\/informacionlocal.es\/de\/wp-json\/wp\/v2\/media?parent=12209"}],"wp:term":[{"taxonomy":"category","embeddable":true,"href":"https:\/\/informacionlocal.es\/de\/wp-json\/wp\/v2\/categories?post=12209"},{"taxonomy":"post_tag","embeddable":true,"href":"https:\/\/informacionlocal.es\/de\/wp-json\/wp\/v2\/tags?post=12209"}],"curies":[{"name":"wp","href":"https:\/\/api.w.org\/{rel}","templated":true}]}}