{"id":1220,"date":"2025-04-11T10:30:42","date_gmt":"2025-04-11T10:30:42","guid":{"rendered":"https:\/\/informacionlocal.es\/la-oliva-lanciert-die-neue-ausgabe-des-kurses-fuer-ausbilder-im-bereich-freizeit-und-freizeitgestaltung\/"},"modified":"2025-04-14T10:00:10","modified_gmt":"2025-04-14T10:00:10","slug":"la-oliva-lanciert-die-neue-ausgabe-des-kurses-fuer-ausbilder-im-bereich-freizeit-und-freizeitgestaltung","status":"publish","type":"post","link":"https:\/\/informacionlocal.es\/de\/la-oliva-lanciert-die-neue-ausgabe-des-kurses-fuer-ausbilder-im-bereich-freizeit-und-freizeitgestaltung\/","title":{"rendered":"La Oliva lanciert die neue Ausgabe des Kurses f\u00fcr Ausbilder im Bereich Freizeit und Freizeitgestaltung"},"content":{"rendered":"<p>Die Stadtverwaltung von La Oliva organisiert \u00fcber die Abteilung f\u00fcr lokale Entwicklung unter der Leitung von Alexandra Mart\u00edn eine neue Ausgabe des Kurses f\u00fcr Freizeitbetreuer und Freizeitleiter. Die Schulung findet am 2. und 3. Mai in der Albergue de El Cohombrillo in Lajares statt. Diese Initiative ist Teil der Aktionen zur Ausbildung und Verbesserung der Besch\u00e4ftigung und richtet sich an Arbeitslose aus der Gemeinde La Oliva \u00fcber 16 Jahre, sowohl an Jugendliche als auch an Erwachsene. Ziel ist es, dass die Teilnehmer nicht nur ihre Besch\u00e4ftigungsf\u00e4higkeit verbessern, sondern auch Kenntnisse \u00fcber den Bereich der p\u00e4dagogischen Freizeitgestaltung und der soziokulturellen Animation erwerben k\u00f6nnen.   <\/p>\n<p>Zu den Themen, die im Kurs behandelt werden, geh\u00f6ren die Ausbildung in Freizeit und Freizeitgestaltung, Kenntnisse in Erster Hilfe und Risikopr\u00e4vention, die durch die offizielle Zertifizierung von +GestionCanarias garantiert werden. In diesem Sinne wird die Teilnahme an dem Kurs zu einem echten Tor zum lokalen Arbeitsmarkt, mit beruflichen M\u00f6glichkeiten in verschiedenen Bereichen im Zusammenhang mit Animation und Arbeit mit Gruppen. <\/p>\n<p>In diesem Jahr findet der Kurs zum ersten Mal als Intensivkurs statt, bei dem die Teilnehmer w\u00e4hrend der zwei Tage in der Jugendherberge wohnen, was ihnen eine praktische und intensive Erfahrung erm\u00f6glicht. Die Ausbildung ist v\u00f6llig kostenlos, da sie vollst\u00e4ndig vom Ministerium f\u00fcr lokale Entwicklung finanziert wird und Ausbildung, Unterkunft und Verpflegung umfasst. <\/p>\n<p>Die Einschreibung kann pers\u00f6nlich am 21. und 22. April im B\u00fcrgermeisteramt in Corralejo von 08:00 bis 13:00 Uhr erfolgen, um das Anmeldeformular und Informationen \u00fcber den Kurs abzuholen und eine vorl\u00e4ufige Einschreibungsnummer zu erhalten. Nach Abschluss dieser Prozedur muss die Einschreibung formalisiert werden, indem das ausgef\u00fcllte Antragsformular und die erforderlichen Unterlagen eingereicht werden, um die urspr\u00fcnglich erhaltene Nummer zu formalisieren und den Platz zu belegen. Dieser Schritt wird vom 23. bis 25. April ebenfalls pers\u00f6nlich in der Tenencia de Alcald\u00eda durchgef\u00fchrt.    <\/p>\n<p>Diejenigen, die \u00fcber die vorl\u00e4ufige Registrierungsnummer verf\u00fcgen und nicht in das Gebiet kommen k\u00f6nnen, um ihre Anmeldung zu formalisieren, k\u00f6nnen diese innerhalb der festgelegten Fristen per E-Mail an die E-Mail-Adresse des Gebiets (desarrollolocal@laoliva.es) \u00fcbermitteln. Nach Ablauf dieser Frist werden weder pers\u00f6nlich noch per E-Mail Bewerbungen angenommen. <\/p>\n<p>F\u00fcr weitere Informationen k\u00f6nnen sich Interessierte an die Abteilung f\u00fcr lokale Entwicklung des Rathauses von La Oliva wenden, und zwar unter desarrollolocal@laoliva.es oder unter der Telefonnummer 928 53 53 12, Durchwahl 2.<\/p>\n","protected":false},"excerpt":{"rendered":"<p><span>Die Schulung findet am 2. und 3. Mai in der Albergue El Cohombrillo in Lajares statt.<\/span><\/p>\n","protected":false},"author":1,"featured_media":843,"comment_status":"open","ping_status":"open","sticky":false,"template":"","format":"standard","meta":{"inline_featured_image":false,"jnews-multi-image_gallery":[],"jnews_single_post":[],"jnews_primary_category":[],"jnews_social_meta":[],"jnews_override_counter":[],"jnews_post_split":[],"footnotes":""},"categories":[291],"tags":[215,214,196,217,237],"class_list":["post-1220","post","type-post","status-publish","format-standard","has-post-thumbnail","hentry","category-la-oliva-de","tag-beschaftigung-und-ausbildung","tag-bildung","tag-gemeinden","tag-kultur-und-freizeit","tag-veranstaltungen"],"jetpack_featured_media_url":"https:\/\/informacionlocal.es\/wp-content\/uploads\/2025\/04\/5185_d8584e51.png","_links":{"self":[{"href":"https:\/\/informacionlocal.es\/de\/wp-json\/wp\/v2\/posts\/1220","targetHints":{"allow":["GET"]}}],"collection":[{"href":"https:\/\/informacionlocal.es\/de\/wp-json\/wp\/v2\/posts"}],"about":[{"href":"https:\/\/informacionlocal.es\/de\/wp-json\/wp\/v2\/types\/post"}],"author":[{"embeddable":true,"href":"https:\/\/informacionlocal.es\/de\/wp-json\/wp\/v2\/users\/1"}],"replies":[{"embeddable":true,"href":"https:\/\/informacionlocal.es\/de\/wp-json\/wp\/v2\/comments?post=1220"}],"version-history":[{"count":1,"href":"https:\/\/informacionlocal.es\/de\/wp-json\/wp\/v2\/posts\/1220\/revisions"}],"predecessor-version":[{"id":1610,"href":"https:\/\/informacionlocal.es\/de\/wp-json\/wp\/v2\/posts\/1220\/revisions\/1610"}],"wp:featuredmedia":[{"embeddable":true,"href":"https:\/\/informacionlocal.es\/de\/wp-json\/wp\/v2\/media\/843"}],"wp:attachment":[{"href":"https:\/\/informacionlocal.es\/de\/wp-json\/wp\/v2\/media?parent=1220"}],"wp:term":[{"taxonomy":"category","embeddable":true,"href":"https:\/\/informacionlocal.es\/de\/wp-json\/wp\/v2\/categories?post=1220"},{"taxonomy":"post_tag","embeddable":true,"href":"https:\/\/informacionlocal.es\/de\/wp-json\/wp\/v2\/tags?post=1220"}],"curies":[{"name":"wp","href":"https:\/\/api.w.org\/{rel}","templated":true}]}}