{"id":12191,"date":"2025-10-10T17:58:33","date_gmt":"2025-10-10T16:58:33","guid":{"rendered":"https:\/\/informacionlocal.es\/la-oliva-presenta-un-torneo-benefico-de-padel-en-favor-a-la-asociacion-espanola-contra-el-cancer-de-fuerteventura\/"},"modified":"2025-10-10T17:58:33","modified_gmt":"2025-10-10T16:58:33","slug":"la-oliva-presenta-un-torneo-benefico-de-padel-en-favor-a-la-asociacion-espanola-contra-el-cancer-de-fuerteventura","status":"publish","type":"post","link":"https:\/\/informacionlocal.es\/de\/la-oliva-presenta-un-torneo-benefico-de-padel-en-favor-a-la-asociacion-espanola-contra-el-cancer-de-fuerteventura\/","title":{"rendered":"La Oliva presenta un Torneo Ben\u00e9fico de P\u00e1del en favor a la Asociaci\u00f3n Espa\u00f1ola Contra el C\u00e1ncer de Fuerteventura"},"content":{"rendered":"<p>El deporte y turismo como motor de cambio y ayuda social en favor de la Asociaci\u00f3n Espa\u00f1ola Contra el C\u00e1ncer de Fuerteventura. Esta es la premisa bajo la que el Ayuntamiento de La Oliva presenta, a trav\u00e9s de la Concejal\u00eda de Deportes, con Gleiber Carre\u00f1o al frente, y la Concejal\u00eda de Turismo, que gestiona David Fajardo, el Torneo Ben\u00e9fico de P\u00e1del de este fin de semana del 11 y 12 de octubre. El objetivo es recaudar fondos que sirvan de apoyo para la asociaci\u00f3n que trabaja con afectados y familias que enfrentan el c\u00e1ncer en Fuerteventura.<\/p>\n<p>Durante el fin de semana, no solo se vivir\u00e1 el deporte con la disputa por el podio en el torneo de p\u00e1del, sino que tambi\u00e9n contar\u00e1 con una subasta ben\u00e9fica que tendr\u00e1 como beneficiario a la Asociaci\u00f3n Espa\u00f1ola Contra el C\u00e1ncer de Fuerteventura. La subasta se llevar\u00e1 a cabo el 11 de octubre a las 14:30 horas en el restaurante Las Marismas en El Cotillo con la reconocida periodista, Cristina Bea, como madrina del evento.<\/p>\n<p>Entre los art\u00edculos subastados se encuentran 2 equipaciones firmadas por Marta Merrero, camiseta firmada por Fernando Belasteguin, camiseta del FC Barcelona de Carles Puyol, camiseta Bayer Leverkusen firmada por Aleix Garc\u00eda, camiseta del Real Madrid firmada por Guti, camiseta de la selecci\u00f3n espa\u00f1ola masculina de f\u00fatbol firmada por el equipo, camiseta firmada por Agust\u00edn Tapia, botas firmadas por Andrea Falc\u00f3n, camiseta de Sergio G\u00f3mez del Manchester City del a\u00f1o del triplete, camiseta de la UD Las Palmas de f\u00fatbol playa y de Fuerteventura de Pablo P\u00e9rez, camiseta firmada por Gerard Moreno, camiseta y bal\u00f3n firmados por toda la plantilla del Atl\u00e9tico Madrid, camiseta del Elche CF firmada por Eder Sarabia, bal\u00f3n y camiseta firmada por la plantilla del Sevilla CF, camiseta del Real Madrid firmada por Julio Baptista, camiseta Laia Aleixandri de la Eurocopa (partido contra B\u00e9lgica), dos palas firmadas por Maxi S\u00e1nchez (ex n\u00famero uno del mundial de p\u00e1del) entre otros.<\/p>\n<p>El alcalde de La Oliva, Isa\u00ed Blanco, pone de relieve el car\u00e1cter solidario de este encuentro: \u201cSin duda alguna, el gran protagonista del torneo de p\u00e1del es, adem\u00e1s del deporte, el car\u00e1cter solidario del evento. Animamos a todos y todas a que participen en este acto que refuerza nuestro compromiso con el turismo deportivo a la vez que mostramos nuestro apoyo a la Asociaci\u00f3n Espa\u00f1ola Contra el C\u00e1ncer en Fuerteventura.\u201d <\/p>\n<p>La concejala de Deportes, Gleiber Carre\u00f1o, destaca: \u201cNos sentimos privilegiados de recibir a deportistas de alto nivel y medios de comunicaci\u00f3n para esta actuaci\u00f3n que tiene un claro componente solidario. Adem\u00e1s, en lo referente \u00e1mbito deportivo, el evento contin\u00faa con la l\u00ednea de actuaci\u00f3n que seguimos desde el grupo de gobierno, promoviendo al turismo deportivo del municipio como punto de referencia de la actividad f\u00edsica a nivel nacional.\u201d  <\/p>\n<p>Para finalizar, el concejal del Turismo, David Fajardo, se\u00f1ala: \u201cDesde la Concejal\u00eda nos enorgullece decir que, en esta ocasi\u00f3n, el turismo puede servir para mostrar apoyo a una causa solidaria como es el trabajo que realiza d\u00eda a d\u00eda la Asociaci\u00f3n Espa\u00f1ola Contra el C\u00e1ncer en Fuerteventura. En lo referente al evento mantiene la promoci\u00f3n de La Oliva como un destino tur\u00edstico deportivo de calidad, m\u00e1s all\u00e1 del tradicional turismo de masas y que es, adem\u00e1s, consciente con nuestro entorno natural. Queremos agradecer tambi\u00e9n la colaboraci\u00f3n del Hotel Coral Beach de El Cotillo por ceder sus instalaciones para el encuentro.\u201d<\/p>\n<p>El gobierno local invita a vecinos y visitantes a asistir no solo al torneo de p\u00e1del sino tambi\u00e9n a sumarse a la causa ben\u00e9fica en el almuerzo del 11 de octubre en favor de la gran labor de la Asociaci\u00f3n Contra el C\u00e1ncer en Fuerteventura.<\/p>\n","protected":false},"excerpt":{"rendered":"<p><span>Un encuentro que contar\u00e1 con deportistas y periodistas destacados durante el fin de semana del 11 y 12 de octubre, desarrollado en las instalaciones municipales y la gran final en el Hotel Cotillo Coral Beach<\/span><\/p>\n","protected":false},"author":1,"featured_media":12193,"comment_status":"open","ping_status":"open","sticky":false,"template":"","format":"standard","meta":{"inline_featured_image":false,"jnews-multi-image_gallery":[],"jnews_single_post":[],"jnews_primary_category":[],"jnews_social_meta":[],"jnews_override_counter":[],"jnews_post_split":[],"footnotes":""},"categories":[62],"tags":[82],"class_list":["post-12191","post","type-post","status-publish","format-standard","has-post-thumbnail","hentry","category-la-oliva","tag-fuerteventura"],"jetpack_featured_media_url":"https:\/\/informacionlocal.es\/wp-content\/uploads\/2025\/10\/5260_952ab145.png","_links":{"self":[{"href":"https:\/\/informacionlocal.es\/de\/wp-json\/wp\/v2\/posts\/12191","targetHints":{"allow":["GET"]}}],"collection":[{"href":"https:\/\/informacionlocal.es\/de\/wp-json\/wp\/v2\/posts"}],"about":[{"href":"https:\/\/informacionlocal.es\/de\/wp-json\/wp\/v2\/types\/post"}],"author":[{"embeddable":true,"href":"https:\/\/informacionlocal.es\/de\/wp-json\/wp\/v2\/users\/1"}],"replies":[{"embeddable":true,"href":"https:\/\/informacionlocal.es\/de\/wp-json\/wp\/v2\/comments?post=12191"}],"version-history":[{"count":0,"href":"https:\/\/informacionlocal.es\/de\/wp-json\/wp\/v2\/posts\/12191\/revisions"}],"wp:featuredmedia":[{"embeddable":true,"href":"https:\/\/informacionlocal.es\/de\/wp-json\/wp\/v2\/media\/12193"}],"wp:attachment":[{"href":"https:\/\/informacionlocal.es\/de\/wp-json\/wp\/v2\/media?parent=12191"}],"wp:term":[{"taxonomy":"category","embeddable":true,"href":"https:\/\/informacionlocal.es\/de\/wp-json\/wp\/v2\/categories?post=12191"},{"taxonomy":"post_tag","embeddable":true,"href":"https:\/\/informacionlocal.es\/de\/wp-json\/wp\/v2\/tags?post=12191"}],"curies":[{"name":"wp","href":"https:\/\/api.w.org\/{rel}","templated":true}]}}