{"id":12185,"date":"2025-10-10T16:58:38","date_gmt":"2025-10-10T15:58:38","guid":{"rendered":"https:\/\/informacionlocal.es\/poda-del-palmeral-en-el-nucleo-de-caleta-de-fuste\/"},"modified":"2025-10-10T16:58:38","modified_gmt":"2025-10-10T15:58:38","slug":"poda-del-palmeral-en-el-nucleo-de-caleta-de-fuste","status":"publish","type":"post","link":"https:\/\/informacionlocal.es\/de\/poda-del-palmeral-en-el-nucleo-de-caleta-de-fuste\/","title":{"rendered":"Poda del palmeral en el n\u00facleo de Caleta de Fuste"},"content":{"rendered":"<div class=\"elementor-widget-container\">\n<p><strong>Poda del palmeral en el n\u00facleo de Caleta de Fuste<\/strong><\/p>\n<p><strong>El alcalde, Mat\u00edas Pe\u00f1a y el concejal Juan Cabrera han visitado la actuaci\u00f3n que se realiza esta semana en la localidad de Caleta de Fuste.<\/strong><\/p>\n<p>La poda y arreglos del palmeral en las diferentes localidades del Municipio llega a Caleta de Fuste donde se interviene en la avenida principal frente al Barcel\u00f3 Fuerteventura y en la parte alta junto a la zona comercial Monte Castillo.<\/p>\n<p>El Ayuntamiento de Antigua progresa en la actuaci\u00f3n de embellecimiento y saneamiento de las palmeras en el Municipio, en una ejecuci\u00f3n impulsada desde las concejal\u00edas de Medio Ambiente, Parques y Jardines que dirige Juan Cabrera.<\/p>\n<\/div>\n","protected":false},"excerpt":{"rendered":"<p><strong>Poda del palmeral en el n\u00facleo de Caleta de Fuste<\/strong><\/p>\n","protected":false},"author":1,"featured_media":12187,"comment_status":"open","ping_status":"open","sticky":false,"template":"","format":"standard","meta":{"inline_featured_image":false,"jnews-multi-image_gallery":[],"jnews_single_post":[],"jnews_primary_category":[],"jnews_social_meta":[],"jnews_override_counter":[],"jnews_post_split":[],"footnotes":""},"categories":[59],"tags":[76],"class_list":["post-12185","post","type-post","status-publish","format-standard","has-post-thumbnail","hentry","category-antigua","tag-medio-ambiente"],"jetpack_featured_media_url":"https:\/\/informacionlocal.es\/wp-content\/uploads\/2025\/10\/poda-del-palmeral-en-caleta-de-fuste-3-scaled-1.jpg","_links":{"self":[{"href":"https:\/\/informacionlocal.es\/de\/wp-json\/wp\/v2\/posts\/12185","targetHints":{"allow":["GET"]}}],"collection":[{"href":"https:\/\/informacionlocal.es\/de\/wp-json\/wp\/v2\/posts"}],"about":[{"href":"https:\/\/informacionlocal.es\/de\/wp-json\/wp\/v2\/types\/post"}],"author":[{"embeddable":true,"href":"https:\/\/informacionlocal.es\/de\/wp-json\/wp\/v2\/users\/1"}],"replies":[{"embeddable":true,"href":"https:\/\/informacionlocal.es\/de\/wp-json\/wp\/v2\/comments?post=12185"}],"version-history":[{"count":0,"href":"https:\/\/informacionlocal.es\/de\/wp-json\/wp\/v2\/posts\/12185\/revisions"}],"wp:featuredmedia":[{"embeddable":true,"href":"https:\/\/informacionlocal.es\/de\/wp-json\/wp\/v2\/media\/12187"}],"wp:attachment":[{"href":"https:\/\/informacionlocal.es\/de\/wp-json\/wp\/v2\/media?parent=12185"}],"wp:term":[{"taxonomy":"category","embeddable":true,"href":"https:\/\/informacionlocal.es\/de\/wp-json\/wp\/v2\/categories?post=12185"},{"taxonomy":"post_tag","embeddable":true,"href":"https:\/\/informacionlocal.es\/de\/wp-json\/wp\/v2\/tags?post=12185"}],"curies":[{"name":"wp","href":"https:\/\/api.w.org\/{rel}","templated":true}]}}