{"id":12167,"date":"2025-10-10T13:58:31","date_gmt":"2025-10-10T12:58:31","guid":{"rendered":"https:\/\/informacionlocal.es\/la-asociacion-cultural-raiz-del-pueblo-es-distinguida-con-el-premio-alexis-ravelo-2025\/"},"modified":"2025-10-10T13:58:31","modified_gmt":"2025-10-10T12:58:31","slug":"la-asociacion-cultural-raiz-del-pueblo-es-distinguida-con-el-premio-alexis-ravelo-2025","status":"publish","type":"post","link":"https:\/\/informacionlocal.es\/de\/la-asociacion-cultural-raiz-del-pueblo-es-distinguida-con-el-premio-alexis-ravelo-2025\/","title":{"rendered":"La Asociaci\u00f3n Cultural Ra\u00edz del Pueblo es distinguida con el Premio Alexis Ravelo 2025"},"content":{"rendered":"<div class=\"entry-content\"><strong>10 octubre, 2025<\/strong><\/p>\n<p>La Feria del Libro de Fuerteventura concede este a\u00f1o el premio Alexis Ravelo a la Asociaci\u00f3n Cultural Ra\u00edz del Pueblo. Se trata de la tercera edici\u00f3n de este premio, que se otorga con el objetivo de visibilizar la trayectoria de las personas y colectivos de la Isla que trabajan por fomentar la cultura y la lectura, as\u00ed como su implicaci\u00f3n con la Feria del Libro. El premio se entregar\u00e1 en la tarde del viernes, 24 de octubre, dentro de la programaci\u00f3n de la feria.<\/p>\n<p>Con este premio, explican la presidenta insular, Lola Garc\u00eda, y el consejero de Cultura, Rayco Le\u00f3n, se reconoce el trabajo que desempe\u00f1a el colectivo por preservar la cultura en Fuerteventura. Adem\u00e1s, la Asociaci\u00f3n Cultural Ra\u00edz del Pueblo es impulsora de la primera biblioteca del municipio y ha contribuido al fomento de las letras a trav\u00e9s de su club de lectura, que siempre ha estado muy vinculado a la feria. Asimismo, ha comenzado a realizar sus propias publicaciones, contribuyendo a aumentar la bibliograf\u00eda sobre la Isla.<\/p>\n<p><strong>Ra\u00edz del Pueblo<\/strong><\/p>\n<p>En 1965, se dieron los primeros pasos para la creaci\u00f3n de las bibliotecas del municipio de La Oliva. Ya en 1970, se abre al p\u00fablico la Agencia de Lectura de La Oliva, ubic\u00e1ndola en el teleclub (antecedente hist\u00f3rico de la actual Asociaci\u00f3n Cultural Ra\u00edz del Pueblo). Durante los primeros veinte a\u00f1os, el servicio de atenci\u00f3n en la Biblioteca se prest\u00f3 con personal voluntario. En los a\u00f1os posteriores, la asociaci\u00f3n ha gestionado los convenios con el Ayuntamiento para contar con personal contratado y con otras instituciones para mejorar instalaciones, mobiliario u otros servicios como salas de refuerzo educativo o sala de teatro.<\/p>\n<p>La Biblioteca est\u00e1 integrada en la Red de Bibliotecas de Canarias y es el complemento esencial para la dinamizaci\u00f3n sociocultural que se potencia desde Ra\u00edz del Pueblo. Con el transcurso de los a\u00f1os, han potenciado la lectura, reflexi\u00f3n, alcanzando hitos como la publicaci\u00f3n de la Revista Tababaire, la presencia del Mogoll\u00f3n Intercultural, el club de lectura, la dinamizaci\u00f3n con lectores infantiles y juveniles, as\u00ed como las publicaciones del proyecto<\/p>\n<p><strong>Premio Alexis Ravelo<\/strong><\/p>\n<p>El escritor Alexis Ravelo, uno de los grandes exponentes de la novela negra en Espa\u00f1a, falleci\u00f3 a principios de 2023. El creador de t\u00edtulos como\u00a0<em>La \u00faltima tumba<\/em>\u00a0o\u00a0<em>Los funerales de Eladio Monroy<\/em>\u00a0mantuvo durante muchos a\u00f1os una estrecha relaci\u00f3n con el Centro Bibliotecario Insular y la Feria del Libro de Fuerteventura. Fue su pregonero, impart\u00eda talleres, fue uno de los autores invitados al ciclo \u201cEl escritor y t\u00fa\u201d, adem\u00e1s de presentar cada a\u00f1o su \u00faltimo libro en la feria. En 1998 su obra\u00a0<em>Segundas personas<\/em>, recibi\u00f3 una menci\u00f3n especial del Jurado del Premio Domingo Vel\u00e1zquez que convocaba el Cabildo de Fuerteventura.<\/p>\n<p>La Feria del Libro de Fuerteventura se celebrar\u00e1 del 23 al 26 de octubre, organizada por el Centro Bibliotecario Insular, dependiente de la Consejer\u00eda de Cultura del Cabildo majorero, y con la colaboraci\u00f3n del Instituto Canario de Desarrollo Cultural del Gobierno de Canarias.<\/p>\n<\/div>\n","protected":false},"excerpt":{"rendered":"<p>10 octubre, 2025 La Feria del Libro de Fuerteventura concede este a\u00f1o el premio Alexis Ravelo a la Asociaci\u00f3n Cultural Ra\u00edz del Pueblo. Se trata de la tercera edici\u00f3n de [&hellip;]<\/p>\n","protected":false},"author":1,"featured_media":12169,"comment_status":"open","ping_status":"open","sticky":false,"template":"","format":"standard","meta":{"inline_featured_image":false,"jnews-multi-image_gallery":[],"jnews_single_post":[],"jnews_primary_category":[],"jnews_social_meta":[],"jnews_override_counter":[],"jnews_post_split":[],"footnotes":""},"categories":[58],"tags":[82],"class_list":["post-12167","post","type-post","status-publish","format-standard","has-post-thumbnail","hentry","category-cabildo","tag-fuerteventura"],"jetpack_featured_media_url":"https:\/\/informacionlocal.es\/wp-content\/uploads\/2025\/10\/1760099362-b04e7ed6df1beb2f897d2d46eab86c4d.jpg","_links":{"self":[{"href":"https:\/\/informacionlocal.es\/de\/wp-json\/wp\/v2\/posts\/12167","targetHints":{"allow":["GET"]}}],"collection":[{"href":"https:\/\/informacionlocal.es\/de\/wp-json\/wp\/v2\/posts"}],"about":[{"href":"https:\/\/informacionlocal.es\/de\/wp-json\/wp\/v2\/types\/post"}],"author":[{"embeddable":true,"href":"https:\/\/informacionlocal.es\/de\/wp-json\/wp\/v2\/users\/1"}],"replies":[{"embeddable":true,"href":"https:\/\/informacionlocal.es\/de\/wp-json\/wp\/v2\/comments?post=12167"}],"version-history":[{"count":0,"href":"https:\/\/informacionlocal.es\/de\/wp-json\/wp\/v2\/posts\/12167\/revisions"}],"wp:featuredmedia":[{"embeddable":true,"href":"https:\/\/informacionlocal.es\/de\/wp-json\/wp\/v2\/media\/12169"}],"wp:attachment":[{"href":"https:\/\/informacionlocal.es\/de\/wp-json\/wp\/v2\/media?parent=12167"}],"wp:term":[{"taxonomy":"category","embeddable":true,"href":"https:\/\/informacionlocal.es\/de\/wp-json\/wp\/v2\/categories?post=12167"},{"taxonomy":"post_tag","embeddable":true,"href":"https:\/\/informacionlocal.es\/de\/wp-json\/wp\/v2\/tags?post=12167"}],"curies":[{"name":"wp","href":"https:\/\/api.w.org\/{rel}","templated":true}]}}