{"id":12103,"date":"2025-10-09T19:59:51","date_gmt":"2025-10-09T18:59:51","guid":{"rendered":"https:\/\/informacionlocal.es\/fuerteventura-comparte-los-proyectos-que-contribuyen-a-la-transformacion-digital-en-las-islas\/"},"modified":"2025-10-09T19:59:51","modified_gmt":"2025-10-09T18:59:51","slug":"fuerteventura-comparte-los-proyectos-que-contribuyen-a-la-transformacion-digital-en-las-islas","status":"publish","type":"post","link":"https:\/\/informacionlocal.es\/de\/fuerteventura-comparte-los-proyectos-que-contribuyen-a-la-transformacion-digital-en-las-islas\/","title":{"rendered":"Fuerteventura comparte los proyectos que contribuyen a la transformaci\u00f3n digital en las islas"},"content":{"rendered":"<div class=\"entry-content\"><strong>9 octubre, 2025<\/strong><\/p>\n<p><em><strong>La novena edici\u00f3n del foro \u2018Canary Tech Connect\u2019 ha reunido a expertos, instituciones y empresas tecnol\u00f3gicas para debatir sobre el futuro digital del Archipi\u00e9lago<\/strong><\/em><\/p>\n<p>Fuerteventura acogi\u00f3 con \u00e9xito el foro \u2018Canary Tech Connect: Hacia la Transformaci\u00f3n Digital de las Islas Canarias\u2019, un encuentro organizado por Atlantis Technology que reuni\u00f3 a representantes institucionales, empresas tecnol\u00f3gicas y profesionales del sector para reflexionar sobre los desaf\u00edos y oportunidades que ofrece la digitalizaci\u00f3n en el Archipi\u00e9lago. Durante la jornada, se abordaron temas claves como la inteligencia artificial, la ciberseguridad, la administraci\u00f3n digital y casos de \u00e9xito en sectores clave.<\/p>\n<p>La apertura corri\u00f3 a cargo del consejero de Innovaci\u00f3n, Rayco Le\u00f3n, el director de la Agencia Canaria de Investigaci\u00f3n, Innovaci\u00f3n y Sociedad de la Informaci\u00f3n, Javier Franco, y el gerente del Parque Tecnol\u00f3gico de Fuerteventura, Eduardo Pereira.<\/p>\n<p>Rayco Le\u00f3n puso en valor unas jornadas \u201cque se desarrollan en el Parque Tecnol\u00f3gico, como espacio puntero para la innovaci\u00f3n y que contribuye a la digitalizaci\u00f3n en Fuerteventura y Canarias\u201d.<\/p>\n<p>Por su parte, Javier Franco agradeci\u00f3 la invitaci\u00f3n \u201ca un evento que, con tanto acierto, ha ido trasladando la transformaci\u00f3n digital a las islas, para mirar hacia el futuro a trav\u00e9s del conocimiento, la innovaci\u00f3n y la tecnolog\u00eda\u201d. \u201cDesde la ACIISI llevamos a\u00f1os defendiendo la digitalizaci\u00f3n como herramienta clave para mejorar la calidad de vida de la ciudadan\u00eda, modernizar las administraciones p\u00fablicas y hacer m\u00e1s competitivo el tejido empresarial del Archipi\u00e9lago\u201d. Por su parte, Eduardo Pereira, gerente del Parque Tecnol\u00f3gico, dio la bienvenida a los presentes \u201ca unas instalaciones que est\u00e1n a punto de cumplir diez a\u00f1os y que sirve como elemento para la diversificaci\u00f3n econ\u00f3mica a trav\u00e9s de la innovaci\u00f3n, con proyectos pioneros en Espa\u00f1a y Europa para el desarrollo de soluciones innovadores a trav\u00e9s de la tecnolog\u00eda aeroespacial\u201d.<\/p>\n<p>El subdirector de Atlantis Technology, I\u00f1aki Echeverr\u00eda, fue el encargado de dar la primera ponencia. Echeverr\u00eda destac\u00f3 la importancia del foro \u2018Canary Tech Connect\u2019, \u201cque es un modo de ir recorriendo las distintas islas canarias para ver todo lo que tiene que ver con transformaci\u00f3n digital en cada territorio\u201d. \u201cExponemos al p\u00fablico las l\u00edneas m\u00e1s interesantes en innovaci\u00f3n: ciberseguridad, \u00e1rea de hosteler\u00eda o en el \u00e1mbito de la innovaci\u00f3n como la presentaci\u00f3n de Atlant-IA, que es una divisi\u00f3n de Atlantis Technology centrada en la inteligencia artificial\u201d.<\/p>\n<p>A continuaci\u00f3n, la consejera de Inform\u00e1tica, Nuevas Tecnolog\u00edas y Proyectos Estrat\u00e9gicos, Carmen Alonso, hizo un recorrido por los proyectos ejecutados desde este departamento, relacionados con la digitalizaci\u00f3n como Smart Island Fuerteventura, el Congreso Tecnolog\u00eda y Turismo 4.0 o el proyecto Conecta2.<\/p>\n<p>Intervinieron, adem\u00e1s, el Alliance Manager de Liferay, Miguel \u00c1ngel Echeverr\u00eda,\u00a0el director general de MNX Online, Mannix Manglani, el director de TI de R2 Hotels, Rafael Rodr\u00edguez, el director de operaciones de Onecyber, Alejandro Gonz\u00e1lez, y el director comercial de Atlantis Technology, Alejando Medina.\u00a0<\/p>\n<\/div>\n","protected":false},"excerpt":{"rendered":"<p>9 octubre, 2025 La novena edici\u00f3n del foro \u2018Canary Tech Connect\u2019 ha reunido a expertos, instituciones y empresas tecnol\u00f3gicas para debatir sobre el futuro digital del Archipi\u00e9lago Fuerteventura acogi\u00f3 con [&hellip;]<\/p>\n","protected":false},"author":1,"featured_media":12105,"comment_status":"open","ping_status":"open","sticky":false,"template":"","format":"standard","meta":{"inline_featured_image":false,"jnews-multi-image_gallery":[],"jnews_single_post":[],"jnews_primary_category":[],"jnews_social_meta":[],"jnews_override_counter":[],"jnews_post_split":[],"footnotes":""},"categories":[58],"tags":[405,82,180,401,402],"class_list":["post-12103","post","type-post","status-publish","format-standard","has-post-thumbnail","hentry","category-cabildo","tag-empresas-tecnologicas","tag-fuerteventura","tag-innovacion","tag-tecnologia","tag-transformacion-digital"],"jetpack_featured_media_url":"https:\/\/informacionlocal.es\/wp-content\/uploads\/2025\/10\/1760013497-948360dd48132d9cfdd45288eeab549c.jpg","_links":{"self":[{"href":"https:\/\/informacionlocal.es\/de\/wp-json\/wp\/v2\/posts\/12103","targetHints":{"allow":["GET"]}}],"collection":[{"href":"https:\/\/informacionlocal.es\/de\/wp-json\/wp\/v2\/posts"}],"about":[{"href":"https:\/\/informacionlocal.es\/de\/wp-json\/wp\/v2\/types\/post"}],"author":[{"embeddable":true,"href":"https:\/\/informacionlocal.es\/de\/wp-json\/wp\/v2\/users\/1"}],"replies":[{"embeddable":true,"href":"https:\/\/informacionlocal.es\/de\/wp-json\/wp\/v2\/comments?post=12103"}],"version-history":[{"count":0,"href":"https:\/\/informacionlocal.es\/de\/wp-json\/wp\/v2\/posts\/12103\/revisions"}],"wp:featuredmedia":[{"embeddable":true,"href":"https:\/\/informacionlocal.es\/de\/wp-json\/wp\/v2\/media\/12105"}],"wp:attachment":[{"href":"https:\/\/informacionlocal.es\/de\/wp-json\/wp\/v2\/media?parent=12103"}],"wp:term":[{"taxonomy":"category","embeddable":true,"href":"https:\/\/informacionlocal.es\/de\/wp-json\/wp\/v2\/categories?post=12103"},{"taxonomy":"post_tag","embeddable":true,"href":"https:\/\/informacionlocal.es\/de\/wp-json\/wp\/v2\/tags?post=12103"}],"curies":[{"name":"wp","href":"https:\/\/api.w.org\/{rel}","templated":true}]}}